{"id":86496,"date":"2019-05-29T14:42:45","date_gmt":"2019-05-29T12:42:45","guid":{"rendered":"https:\/\/zjarr.tv\/?p=86496"},"modified":"2019-05-29T14:42:45","modified_gmt":"2019-05-29T12:42:45","slug":"sherr-me-arme-mes-krushqeve-dy-ne-pranga-4-ne-kerkim","status":"publish","type":"post","link":"https:\/\/zjarr.tv\/en\/sherr-me-arme-mes-krushqeve-dy-ne-pranga-4-ne-kerkim\/","title":{"rendered":"Sherr me arm\u00eb mes krushq\u00ebve, dy n\u00eb pranga, 4 n\u00eb k\u00ebrkim"},"content":{"rendered":"<p>Nj\u00eb konflikt familjar p\u00ebr pak nuk ka degjeneruar n\u00eb nj\u00eb p\u00ebrplasje me arm\u00eb.<\/p>\n<p>Sh\u00ebrbimet e Policis\u00eb kan\u00eb arrestuar n\u00eb flagranc\u00eb p\u00ebr vepr\u00ebn penale \u201cDhun\u00eb n\u00eb famije&#8221;, &#8220;Plagosje e leht\u00eb me dashje&#8221;, &#8220;Armembajtje pa leje\u201d, shtetasin M.V, 61 vje\u00e7, banues n\u00eb Valias t\u00eb Ri, Kam\u00ebz<\/p>\n<p>\u201cNdalimi i 2 shtetasve dhe shpallja n\u00eb k\u00ebrkim e 4 tjer\u00ebve u b\u00eb pasi nga veprimet operative ka rezultuar se jan\u00eb perfshir\u00eb n\u00eb konflikt si autor\u00eb t\u00eb plagosjes s\u00eb shtetasit N.D\u201d, thuhet n\u00eb njoftimin e policis\u00eb.<\/p>\n<p><strong>Ja njoftimi i plot\u00eb:<\/strong><\/p>\n<p>Tiran\u00eb<\/p>\n<p>Sh\u00ebrbimet e Komisariatit t\u00eb Policis\u00eb Nr. 5 Kam\u00ebz, Tiran\u00eb, parandalojn\u00eb p\u00ebrshkall\u00ebzimin e m\u00ebtejsh\u00ebm t\u00eb nj\u00eb konflikti familjar ku \u00ebsht\u00eb p\u00ebrdorur dhe arma e zjarrit<\/p>\n<p>Sh\u00ebrbimet e Policis\u00eb kan\u00eb marr\u00eb njoftim se n\u00eb lagjen Valias i ri, po ndodhte nj\u00eb konflikt midis dy familjeve (krushqi), ku ishte p\u00ebrdorur edhe arma e zjarrit.<\/p>\n<p>Sh\u00ebrbimet e Policis\u00eb kan\u00eb reaguar n\u00eb koh\u00eb dhe kan\u00eb arrestuar n\u00eb flagranc\u00eb p\u00ebr vepr\u00ebn penale \u201cDhun\u00eb n\u00eb famije&#8221;, &#8220;Plagosje e leht\u00eb me dashje&#8221;, &#8220;Armembajtje pa leje\u201d, shtetasin M.V, 61 vje\u00e7, banues n\u00eb Valias t\u00eb Ri, Kam\u00ebz. Arrestimi i tij u b\u00eb pasi ka ushtuar dhun\u00eb fizike dhe ka plagosur leht\u00eb me qyt\u00ebn e nj\u00eb arme, pistolete, shtetasin N.D., 43 vje\u00e7, (vellai i dh\u00ebndrit), i cili ndodhet n\u00eb spital jasht\u00eb rrezikut p\u00ebr jet\u00ebn.<\/p>\n<p>Gjithashtu \u00ebsht\u00eb arrestuar n\u00eb flagranc\u00eb p\u00ebr vepr\u00ebn penale \u201cDhune n\u00eb famije\u201d shtetasi A.D., 40 vje\u00e7, banues n\u00eb Valias, Kam\u00ebz, pasi n\u00eb banes\u00eb dyshohet se ka ushtruar dhun\u00eb fizike dhe psikologjike ndaj bashk\u00ebshortes.<\/p>\n<p>U ndaluan shtetasit S.V., 63 vje\u00e7, banues n\u00eb Kam\u00ebz, p\u00ebr vepr\u00ebn penale &#8221;Plagosje e lehte me dashje&#8221; dhe shtetasi SH.V., 28 vje\u00e7, banues n\u00eb Valias, p\u00ebr veprat penale \u201cPlagosja r\u00ebnd\u00eb me dashje\u201d, \u201dArm\u00ebmbajtje pa leje\u201d.<\/p>\n<p>Nj\u00ebkoh\u00ebsisht jan\u00eb shpallur n\u00eb k\u00ebrkim dhe po punohet p\u00ebr kapjen e 4 shtetasve: A.V., D.V., S.N. dhe N.D.<\/p>\n<p>Ndalimi i 2 shtetasve dhe shpallja n\u00eb k\u00ebrkim e 4 tjer\u00ebve u b\u00eb pasi nga veprimet operative ka rezultuar se jan\u00eb perfshir\u00eb n\u00eb konflikt si autor\u00eb t\u00eb plagosjes s\u00eb shtetasit N.D.<\/p>\n<p>N\u00eb cil\u00ebsin\u00eb e prov\u00ebs materiale \u00ebsht\u00eb sekuestruar nj\u00eb arm\u00eb zjarri pistolet\u00eb me kat\u00ebr fishek\u00eb.<\/p>\n<p>Materialet proceduriale do t&#8217;i referohen Prokuroris\u00eb s\u00eb Rrethit Gjyq\u00ebsor\u00eb Tiran\u00eb p\u00ebr veprimet t\u00eb metejshme.<\/p>\n<p>&nbsp;<\/p>","protected":false},"excerpt":{"rendered":"<p>Nj\u00eb konflikt familjar p\u00ebr pak nuk ka degjeneruar n\u00eb nj\u00eb p\u00ebrplasje me arm\u00eb. Sh\u00ebrbimet e Policis\u00eb kan\u00eb arrestuar n\u00eb flagranc\u00eb p\u00ebr vepr\u00ebn penale \u201cDhun\u00eb n\u00eb famije&#8221;, &#8220;Plagosje e leht\u00eb me dashje&#8221;, &#8220;Armembajtje pa leje\u201d, shtetasin M.V, 61 vje\u00e7, banues n\u00eb Valias t\u00eb Ri, Kam\u00ebz \u201cNdalimi i 2 shtetasve dhe shpallja n\u00eb k\u00ebrkim e 4 tjer\u00ebve [&hellip;]<\/p>\n","protected":false},"author":2013,"featured_media":86497,"comment_status":"open","ping_status":"closed","sticky":false,"template":"","format":"standard","meta":{"footnotes":""},"categories":[241,235],"tags":[],"class_list":{"0":"post-86496","1":"post","2":"type-post","3":"status-publish","4":"format-standard","5":"has-post-thumbnail","7":"category-aktualitet","8":"category-vendi"},"_links":{"self":[{"href":"https:\/\/zjarr.tv\/en\/wp-json\/wp\/v2\/posts\/86496","targetHints":{"allow":["GET"]}}],"collection":[{"href":"https:\/\/zjarr.tv\/en\/wp-json\/wp\/v2\/posts"}],"about":[{"href":"https:\/\/zjarr.tv\/en\/wp-json\/wp\/v2\/types\/post"}],"author":[{"embeddable":true,"href":"https:\/\/zjarr.tv\/en\/wp-json\/wp\/v2\/users\/2013"}],"replies":[{"embeddable":true,"href":"https:\/\/zjarr.tv\/en\/wp-json\/wp\/v2\/comments?post=86496"}],"version-history":[{"count":0,"href":"https:\/\/zjarr.tv\/en\/wp-json\/wp\/v2\/posts\/86496\/revisions"}],"wp:featuredmedia":[{"embeddable":true,"href":"https:\/\/zjarr.tv\/en\/wp-json\/wp\/v2\/media\/86497"}],"wp:attachment":[{"href":"https:\/\/zjarr.tv\/en\/wp-json\/wp\/v2\/media?parent=86496"}],"wp:term":[{"taxonomy":"category","embeddable":true,"href":"https:\/\/zjarr.tv\/en\/wp-json\/wp\/v2\/categories?post=86496"},{"taxonomy":"post_tag","embeddable":true,"href":"https:\/\/zjarr.tv\/en\/wp-json\/wp\/v2\/tags?post=86496"}],"curies":[{"name":"wp","href":"https:\/\/api.w.org\/{rel}","templated":true}]}}