{"id":86502,"date":"2019-05-29T14:55:15","date_gmt":"2019-05-29T12:55:15","guid":{"rendered":"https:\/\/zjarr.tv\/?p=86502"},"modified":"2019-05-29T14:55:15","modified_gmt":"2019-05-29T12:55:15","slug":"edi-rama-ben-harbutin-me-qeverine-e-kosoves-dhe-kryeministrin-haradinaj","status":"publish","type":"post","link":"https:\/\/zjarr.tv\/en\/edi-rama-ben-harbutin-me-qeverine-e-kosoves-dhe-kryeministrin-haradinaj\/","title":{"rendered":"Edi Rama b\u00ebn harbutin, me qeverin\u00eb e Kosov\u00ebs dhe kryeministrin Haradinaj"},"content":{"rendered":"<p>Duket se t\u00eb v\u00ebrtetat q\u00eb kryeministri Ramush Haradinaj tha p\u00ebr q\u00ebndrimet e Edi Ram\u00ebs n\u00eb samitin e Berlinit, po b\u00ebjn\u00eb q\u00eb inati i k\u00ebtij t\u00eb fundit t\u00eb kaloj\u00eb edhe n\u00eb \u201chakmarrje\u201d harbute. Sipas mediave t\u00eb Kosov\u00ebs, kryeministri i Republik\u00ebs s\u00eb Shqip\u00ebris\u00eb Edi Rama nuk mori sot pjes\u00eb n\u00eb p\u00ebrurimin e autostrad\u00ebs \u201cArb\u00ebn Xhaferi\u201d n\u00eb Kosov\u00eb, edhe pse ishte i ftuar.<\/p>\n<p>K\u00ebto media shkruajn\u00eb se Rama ka nj\u00eb marr\u00eb ftes\u00eb nga vet\u00eb kryeministri i Kosov\u00ebs, Ramush Haradinaj, p\u00ebr t\u00eb marr\u00eb pjes\u00eb n\u00eb k\u00ebt\u00eb ceremoni shtet\u00ebrore. Sipas informacioneve t\u00eb \u201cIndeksonline\u201d Rama mungoi n\u00eb ceremonin\u00eb e k\u00ebtij p\u00ebrurim t\u00eb madh p\u00ebr Kosov\u00ebn dhe deri m\u00eb tani, nuk ka dh\u00ebn\u00eb ndonj\u00eb arsye t\u00eb mospjes\u00ebmarrjes. N\u00eb ceremoni mor\u00ebn pjes\u00eb kryeministrat dhe president\u00ebt e dy vendeve Kosov\u00eb, Maqedoni, p\u00ebrfaq\u00ebsues t\u00eb Departamentit t\u00eb Shtetit si dhe ambasador\u00ebt e vendeve kryesore.<\/p>\n<p>Raportet mes kryeministrit t\u00eb Kosov\u00ebs, Ramush Haradinaj dhe atij t\u00eb Shqip\u00ebris\u00eb koh\u00ebt e fundit jan\u00eb ftohur, p\u00ebr shkak t\u00eb q\u00ebndrimeve q\u00eb ka pasur Rama rreth \u00e7\u00ebshtjes s\u00eb kufijve t\u00eb Kosov\u00ebs dhe ve\u00e7an\u00ebrisht pas Samitit t\u00eb Berlinit.<\/p>\n<p>&nbsp;<\/p>","protected":false},"excerpt":{"rendered":"<p>Duket se t\u00eb v\u00ebrtetat q\u00eb kryeministri Ramush Haradinaj tha p\u00ebr q\u00ebndrimet e Edi Ram\u00ebs n\u00eb samitin e Berlinit, po b\u00ebjn\u00eb q\u00eb inati i k\u00ebtij t\u00eb fundit t\u00eb kaloj\u00eb edhe n\u00eb \u201chakmarrje\u201d harbute. Sipas mediave t\u00eb Kosov\u00ebs, kryeministri i Republik\u00ebs s\u00eb Shqip\u00ebris\u00eb Edi Rama nuk mori sot pjes\u00eb n\u00eb p\u00ebrurimin e autostrad\u00ebs \u201cArb\u00ebn Xhaferi\u201d n\u00eb Kosov\u00eb, [&hellip;]<\/p>\n","protected":false},"author":2013,"featured_media":83234,"comment_status":"open","ping_status":"closed","sticky":false,"template":"","format":"standard","meta":{"footnotes":""},"categories":[241,235],"tags":[],"class_list":{"0":"post-86502","1":"post","2":"type-post","3":"status-publish","4":"format-standard","5":"has-post-thumbnail","7":"category-aktualitet","8":"category-vendi"},"_links":{"self":[{"href":"https:\/\/zjarr.tv\/en\/wp-json\/wp\/v2\/posts\/86502","targetHints":{"allow":["GET"]}}],"collection":[{"href":"https:\/\/zjarr.tv\/en\/wp-json\/wp\/v2\/posts"}],"about":[{"href":"https:\/\/zjarr.tv\/en\/wp-json\/wp\/v2\/types\/post"}],"author":[{"embeddable":true,"href":"https:\/\/zjarr.tv\/en\/wp-json\/wp\/v2\/users\/2013"}],"replies":[{"embeddable":true,"href":"https:\/\/zjarr.tv\/en\/wp-json\/wp\/v2\/comments?post=86502"}],"version-history":[{"count":0,"href":"https:\/\/zjarr.tv\/en\/wp-json\/wp\/v2\/posts\/86502\/revisions"}],"wp:featuredmedia":[{"embeddable":true,"href":"https:\/\/zjarr.tv\/en\/wp-json\/wp\/v2\/media\/83234"}],"wp:attachment":[{"href":"https:\/\/zjarr.tv\/en\/wp-json\/wp\/v2\/media?parent=86502"}],"wp:term":[{"taxonomy":"category","embeddable":true,"href":"https:\/\/zjarr.tv\/en\/wp-json\/wp\/v2\/categories?post=86502"},{"taxonomy":"post_tag","embeddable":true,"href":"https:\/\/zjarr.tv\/en\/wp-json\/wp\/v2\/tags?post=86502"}],"curies":[{"name":"wp","href":"https:\/\/api.w.org\/{rel}","templated":true}]}}