{"id":86504,"date":"2019-05-29T14:59:10","date_gmt":"2019-05-29T12:59:10","guid":{"rendered":"https:\/\/zjarr.tv\/?p=86504"},"modified":"2019-05-29T14:59:10","modified_gmt":"2019-05-29T12:59:10","slug":"autostrada-arben-xhaferi-berisha-arritje-e-vecante-per-kosoven","status":"publish","type":"post","link":"https:\/\/zjarr.tv\/en\/autostrada-arben-xhaferi-berisha-arritje-e-vecante-per-kosoven\/","title":{"rendered":"Autostrada \u201cArb\u00ebn Xhaferi\u201d, Berisha: Arritje e ve\u00e7ant\u00eb p\u00ebr Kosov\u00ebn"},"content":{"rendered":"<p>Pas inaugurimit t\u00eb autostrad\u00ebs \u201cArb\u00ebn Xhaferi\u201d, e cila lidh Kosov\u00ebn me Maqedonin\u00eb e Veriut ka reaguar edhe ish-kryeministri, Sali Berisha. Ai shprehet se nj\u00eb vep\u00ebr e till\u00eb \u00ebsht\u00eb nj\u00eb arritje e ve\u00e7ant\u00eb p\u00ebr shtetin e Kosov\u00ebs n\u00eb ve\u00e7anti, por edhe p\u00ebr t\u00ebr\u00eb rajonin n\u00eb Gadishullin Ballkanik.<\/p>\n<p>Me nj\u00eb sh\u00ebnim n\u00eb \u201cFacebook\u201d, Berisha thot\u00eb se n\u00eb kat\u00ebr vite teksa Kosova nd\u00ebrtoi nj\u00eb vep\u00ebr madhore n\u00eb infrastruktur\u00eb, Edi Rama n\u00eb Shqip\u00ebri nuk b\u00ebri asgj\u00eb tjet\u00ebr, por nd\u00ebrtoi nj\u00eb \u201clum\u00eb mashtrimesh m\u00eb t\u00eb gjat\u00eb se sa vet\u00eb Nili\u201d.<\/p>\n<p>Postimi i Berish\u00ebs:<\/p>\n<p>Nje arritje e ve\u00e7ante per Kosoven dhe rajonin!<\/p>\n<p>Miq, sot Kosova inauguron autostraden Prishtine \u2013 Shkup (Hani i Elezit) nje kryeveper e infrastruktures me nje impakt te madh per zhvillimin e Kosoves por ndikim te qarte ne bashkepunimin midis Kosoves dhe Maqedonise dhe rajonit ne teresi. Perfundimi i saj shnderron Kosoven ne vendin me infrastrukturen rrugore me moderne te rajonit. Autostrada Prishtine \u2013 Hani i Elezit ka nje gjatesi pre 60 km, dy tunele dhe uren me te gjate te rajonit. Ndertimi i saj filloi kater vite me pare nga Bechtel Enka dhe kushtoi 700 milione euro.<\/p>\n<p>Me kete rast, nje urim te perzemert miq per popullin dhe autoritetet e Kosoves per kete arritje te madhe! ps: Po rikujtoj ketu se ne kohen qe ne kater vite Kosova nderton ne kryeveper te tille te infrastruktures rrugore, Edvin Kristaq Mashtrimi ndertoi ne Shqiperi ne 6 vite te narkoqeverise nje lum me te gjate se Nilin ne marshtrime, shpifje dhe trillime, droge dhe krime. Por me konkretisht ne keto 6 vite ai nuk perfundoi dot, per shkak te vjedhjeve, 7 km te mbetura te pa perfunduara te segmentit Ibe \u2013 Farke te Autostrades Tirane \u2013 Elbasan qe duhet te perfundonin ne fund te vitit 2013. Ai tenderoi per se dyti dhe se treti per shkak te vjedhjeve Baypsin e Fierit filluar ne vitin 2012 qe duhet te perfundonte ne vitin 2015, ai nuk perfundoi dot baypasin e Vlores te filluar punimet ne fund te vitit 2010 dhe qe duhet te perfundonte ne vitin 2016. Vidh e vidh nuk ka te sosur ai nuk perfundoi dot rrugen Qukes \u2013 Qaf Pllo\u00e7e, e cila filloi ndertimin ne vitin 2012 dhe duhet te perfundonte ne vitin 2015. sb<\/p>","protected":false},"excerpt":{"rendered":"<p>Pas inaugurimit t\u00eb autostrad\u00ebs \u201cArb\u00ebn Xhaferi\u201d, e cila lidh Kosov\u00ebn me Maqedonin\u00eb e Veriut ka reaguar edhe ish-kryeministri, Sali Berisha. Ai shprehet se nj\u00eb vep\u00ebr e till\u00eb \u00ebsht\u00eb nj\u00eb arritje e ve\u00e7ant\u00eb p\u00ebr shtetin e Kosov\u00ebs n\u00eb ve\u00e7anti, por edhe p\u00ebr t\u00ebr\u00eb rajonin n\u00eb Gadishullin Ballkanik. Me nj\u00eb sh\u00ebnim n\u00eb \u201cFacebook\u201d, Berisha thot\u00eb se n\u00eb [&hellip;]<\/p>\n","protected":false},"author":2013,"featured_media":0,"comment_status":"open","ping_status":"closed","sticky":false,"template":"","format":"standard","meta":{"footnotes":""},"categories":[241,235],"tags":[],"class_list":{"0":"post-86504","1":"post","2":"type-post","3":"status-publish","4":"format-standard","6":"category-aktualitet","7":"category-vendi"},"_links":{"self":[{"href":"https:\/\/zjarr.tv\/en\/wp-json\/wp\/v2\/posts\/86504","targetHints":{"allow":["GET"]}}],"collection":[{"href":"https:\/\/zjarr.tv\/en\/wp-json\/wp\/v2\/posts"}],"about":[{"href":"https:\/\/zjarr.tv\/en\/wp-json\/wp\/v2\/types\/post"}],"author":[{"embeddable":true,"href":"https:\/\/zjarr.tv\/en\/wp-json\/wp\/v2\/users\/2013"}],"replies":[{"embeddable":true,"href":"https:\/\/zjarr.tv\/en\/wp-json\/wp\/v2\/comments?post=86504"}],"version-history":[{"count":0,"href":"https:\/\/zjarr.tv\/en\/wp-json\/wp\/v2\/posts\/86504\/revisions"}],"wp:attachment":[{"href":"https:\/\/zjarr.tv\/en\/wp-json\/wp\/v2\/media?parent=86504"}],"wp:term":[{"taxonomy":"category","embeddable":true,"href":"https:\/\/zjarr.tv\/en\/wp-json\/wp\/v2\/categories?post=86504"},{"taxonomy":"post_tag","embeddable":true,"href":"https:\/\/zjarr.tv\/en\/wp-json\/wp\/v2\/tags?post=86504"}],"curies":[{"name":"wp","href":"https:\/\/api.w.org\/{rel}","templated":true}]}}