{"id":86506,"date":"2019-05-29T15:03:29","date_gmt":"2019-05-29T13:03:29","guid":{"rendered":"https:\/\/zjarr.tv\/?p=86506"},"modified":"2019-05-29T15:03:29","modified_gmt":"2019-05-29T13:03:29","slug":"hahn-i-kerkon-kosoves-heqjen-e-takses-100-per-qind","status":"publish","type":"post","link":"https:\/\/zjarr.tv\/en\/hahn-i-kerkon-kosoves-heqjen-e-takses-100-per-qind\/","title":{"rendered":"Hahn i k\u00ebrkon Kosov\u00ebs heqjen e taks\u00ebs 100 p\u00ebr qind"},"content":{"rendered":"<p>Komisioneri p\u00ebr Zgjerim i Bashkimit Evropian, Johannes Hahn, ka k\u00ebrkuar nga Kosova q\u00eb t\u00eb fokusohet n\u00eb zbatimin e Marr\u00ebveshjes s\u00eb Stabilizim Asociimit (MSA) dhe t\u00eb heq\u00eb taks\u00ebn 100 p\u00ebr qind ndaj importeve nga Serbia dhe Bosnje Hercegovina.<\/p>\n<p>K\u00ebto komente Hahn, i b\u00ebri gjat\u00eb publikimit t\u00eb Raportit vjetor t\u00eb Zgjerimit, i cili p\u00ebrcakton p\u00ebrparimin q\u00eb kan\u00eb b\u00ebr\u00eb vendet q\u00eb synojn\u00eb integrimin evropian.<\/p>\n<p><em>\u201cKosova duhet t\u00eb fokusohet n\u00eb zbatimin e Marr\u00ebveshjes s\u00eb Stabilizim-Asociimit dhe duhet t\u00eb heq\u00eb taks\u00ebn prej 100 p\u00ebr qind p\u00ebr importet nga Serbia dhe Bosnje dhe Hercegovina. N\u00eb qershor do t\u00eb b\u00ebj edhe nj\u00eb p\u00ebrpjekje p\u00ebr t\u00eb zhbllokuar k\u00ebt\u00eb situat\u00eb duke shkuar n\u00eb k\u00ebto vende, ndoshta p\u00ebr t\u00eb p\u00ebrgatitur di\u00e7ka p\u00ebr 1 korrik (Samiti n\u00eb Paris). Nuk e di n\u00ebse do t\u00eb jet\u00eb e dobishme, por duhet ta p\u00ebrdorim \u00e7do mund\u00ebsi dhe t\u00eb b\u00ebjm\u00eb \u00e7do gj\u00eb q\u00eb \u00ebsht\u00eb e mundur p\u00ebr t\u00eb zhbllokuar k\u00ebt\u00eb situat\u00eb q\u00eb po pengon jo vet\u00ebm zhvillimin e k\u00ebtyre dy vendeve, por t\u00ebr\u00eb rajonin\u201d, tha Hahn.<\/em><\/p>\n<p>Marr\u00ebveshja e Stabilizim Asociimit (MSA), \u00ebsht\u00eb marr\u00ebveshja e par\u00eb kontraktuale nd\u00ebrmjet Kosov\u00ebs dhe Bashkimit Evropian, e cila ka hyr\u00eb n\u00eb fuqi m\u00eb 1 prill t\u00eb vitit 2016.<\/p>\n<p>Nd\u00ebrkoh\u00eb, kan\u00eb kaluar gjasht\u00eb muaj q\u00eb kur Qeveria e Kosov\u00ebs vendosi taks\u00ebn 100 p\u00ebr qind p\u00ebr importet nga Serbia dhe Bosnj\u00eb e Hercegovina.<\/p>\n<p>Dialogu nd\u00ebrmjet Kosov\u00ebs dhe Serbis\u00eb ka ngecur tash e sa muaj, pasi Serbia e sheh si penges\u00eb p\u00ebr k\u00ebt\u00eb proces taks\u00ebn 100 p\u00ebr qind q\u00eb Kosova u ka v\u00ebn\u00eb prodhimeve t\u00eb importuara nga Serbia qysh n\u00eb n\u00ebntor t\u00eb vitit t\u00eb kaluar.<\/p>\n<p>&nbsp;<\/p>","protected":false},"excerpt":{"rendered":"<p>Komisioneri p\u00ebr Zgjerim i Bashkimit Evropian, Johannes Hahn, ka k\u00ebrkuar nga Kosova q\u00eb t\u00eb fokusohet n\u00eb zbatimin e Marr\u00ebveshjes s\u00eb Stabilizim Asociimit (MSA) dhe t\u00eb heq\u00eb taks\u00ebn 100 p\u00ebr qind ndaj importeve nga Serbia dhe Bosnje Hercegovina. K\u00ebto komente Hahn, i b\u00ebri gjat\u00eb publikimit t\u00eb Raportit vjetor t\u00eb Zgjerimit, i cili p\u00ebrcakton p\u00ebrparimin q\u00eb kan\u00eb [&hellip;]<\/p>\n","protected":false},"author":2013,"featured_media":67235,"comment_status":"open","ping_status":"closed","sticky":false,"template":"","format":"standard","meta":{"footnotes":""},"categories":[241,2],"tags":[],"class_list":{"0":"post-86506","1":"post","2":"type-post","3":"status-publish","4":"format-standard","5":"has-post-thumbnail","7":"category-aktualitet","8":"category-rajoni"},"_links":{"self":[{"href":"https:\/\/zjarr.tv\/en\/wp-json\/wp\/v2\/posts\/86506","targetHints":{"allow":["GET"]}}],"collection":[{"href":"https:\/\/zjarr.tv\/en\/wp-json\/wp\/v2\/posts"}],"about":[{"href":"https:\/\/zjarr.tv\/en\/wp-json\/wp\/v2\/types\/post"}],"author":[{"embeddable":true,"href":"https:\/\/zjarr.tv\/en\/wp-json\/wp\/v2\/users\/2013"}],"replies":[{"embeddable":true,"href":"https:\/\/zjarr.tv\/en\/wp-json\/wp\/v2\/comments?post=86506"}],"version-history":[{"count":0,"href":"https:\/\/zjarr.tv\/en\/wp-json\/wp\/v2\/posts\/86506\/revisions"}],"wp:featuredmedia":[{"embeddable":true,"href":"https:\/\/zjarr.tv\/en\/wp-json\/wp\/v2\/media\/67235"}],"wp:attachment":[{"href":"https:\/\/zjarr.tv\/en\/wp-json\/wp\/v2\/media?parent=86506"}],"wp:term":[{"taxonomy":"category","embeddable":true,"href":"https:\/\/zjarr.tv\/en\/wp-json\/wp\/v2\/categories?post=86506"},{"taxonomy":"post_tag","embeddable":true,"href":"https:\/\/zjarr.tv\/en\/wp-json\/wp\/v2\/tags?post=86506"}],"curies":[{"name":"wp","href":"https:\/\/api.w.org\/{rel}","templated":true}]}}