{"id":86508,"date":"2019-05-29T15:35:07","date_gmt":"2019-05-29T13:35:07","guid":{"rendered":"https:\/\/zjarr.tv\/?p=86508"},"modified":"2019-05-29T15:35:07","modified_gmt":"2019-05-29T13:35:07","slug":"fleckenstein-vendi-i-ballkanit-perendimor-eshte-ne-bashkimin-europian","status":"publish","type":"post","link":"https:\/\/zjarr.tv\/en\/fleckenstein-vendi-i-ballkanit-perendimor-eshte-ne-bashkimin-europian\/","title":{"rendered":"Fleckenstein: Vendi i Ballkanit Per\u00ebndimor \u00ebsht\u00eb n\u00eb Bashkimin Europian"},"content":{"rendered":"<p>Knut Fleckenstein ka reaguar pas raport-progresit t\u00eb Komisionit Europian p\u00ebr zgjerimin.<br \/>\nN\u00eb nj\u00eb postim n\u00eb Twitter, Fleckenstein tha se vendi i Ballkanit Per\u00ebndimor \u00ebsht\u00eb Bashkimi Europian.<br \/>\nAi theksoi se zgjerimi i BE duhet t\u00eb jet\u00eb nj\u00eb nga prioritet m\u00eb t\u00eb lart\u00eb t\u00eb Parlamentit t\u00eb BE.<br \/>\nKnut Fleckenstein: &#8220;Ne duhet t\u00eb flasim nj\u00eb gjuh\u00eb t\u00eb qart\u00eb: Vendi i Ballkanit Per\u00ebndimor n\u00eb t\u00eb ardhmen \u00ebsht\u00eb n\u00eb BE, prandaj zgjerimi duhet t\u00eb mbetet nj\u00eb prioritet m\u00eb t\u00eb larta p\u00ebr k\u00ebt\u00eb parlament. Njer\u00ebzit e Ballkanit Per\u00ebndimor kan\u00eb nevoj\u00eb p\u00ebr nj\u00eb shenj\u00eb t\u00eb qart\u00eb se Bashkimi \u00ebsht\u00eb n\u00eb an\u00ebn e tyre.&#8221;<\/p>","protected":false},"excerpt":{"rendered":"<p>Knut Fleckenstein ka reaguar pas raport-progresit t\u00eb Komisionit Europian p\u00ebr zgjerimin. N\u00eb nj\u00eb postim n\u00eb Twitter, Fleckenstein tha se vendi i Ballkanit Per\u00ebndimor \u00ebsht\u00eb Bashkimi Europian. Ai theksoi se zgjerimi i BE duhet t\u00eb jet\u00eb nj\u00eb nga prioritet m\u00eb t\u00eb lart\u00eb t\u00eb Parlamentit t\u00eb BE. Knut Fleckenstein: &#8220;Ne duhet t\u00eb flasim nj\u00eb gjuh\u00eb t\u00eb qart\u00eb: [&hellip;]<\/p>\n","protected":false},"author":2013,"featured_media":86509,"comment_status":"open","ping_status":"closed","sticky":false,"template":"","format":"standard","meta":{"footnotes":""},"categories":[241,235],"tags":[],"class_list":{"0":"post-86508","1":"post","2":"type-post","3":"status-publish","4":"format-standard","5":"has-post-thumbnail","7":"category-aktualitet","8":"category-vendi"},"_links":{"self":[{"href":"https:\/\/zjarr.tv\/en\/wp-json\/wp\/v2\/posts\/86508","targetHints":{"allow":["GET"]}}],"collection":[{"href":"https:\/\/zjarr.tv\/en\/wp-json\/wp\/v2\/posts"}],"about":[{"href":"https:\/\/zjarr.tv\/en\/wp-json\/wp\/v2\/types\/post"}],"author":[{"embeddable":true,"href":"https:\/\/zjarr.tv\/en\/wp-json\/wp\/v2\/users\/2013"}],"replies":[{"embeddable":true,"href":"https:\/\/zjarr.tv\/en\/wp-json\/wp\/v2\/comments?post=86508"}],"version-history":[{"count":0,"href":"https:\/\/zjarr.tv\/en\/wp-json\/wp\/v2\/posts\/86508\/revisions"}],"wp:featuredmedia":[{"embeddable":true,"href":"https:\/\/zjarr.tv\/en\/wp-json\/wp\/v2\/media\/86509"}],"wp:attachment":[{"href":"https:\/\/zjarr.tv\/en\/wp-json\/wp\/v2\/media?parent=86508"}],"wp:term":[{"taxonomy":"category","embeddable":true,"href":"https:\/\/zjarr.tv\/en\/wp-json\/wp\/v2\/categories?post=86508"},{"taxonomy":"post_tag","embeddable":true,"href":"https:\/\/zjarr.tv\/en\/wp-json\/wp\/v2\/tags?post=86508"}],"curies":[{"name":"wp","href":"https:\/\/api.w.org\/{rel}","templated":true}]}}