{"id":86517,"date":"2019-05-29T15:43:05","date_gmt":"2019-05-29T13:43:05","guid":{"rendered":"https:\/\/zjarr.tv\/?p=86517"},"modified":"2019-05-29T15:43:05","modified_gmt":"2019-05-29T13:43:05","slug":"raporti-i-ke-cakaj-shqiperia-ka-shenuar-progresin-e-nevojshem","status":"publish","type":"post","link":"https:\/\/zjarr.tv\/en\/raporti-i-ke-cakaj-shqiperia-ka-shenuar-progresin-e-nevojshem\/","title":{"rendered":"Raporti i KE, Cakaj: Shqip\u00ebria ka sh\u00ebnuar progresin e nevojsh\u00ebm"},"content":{"rendered":"<p>Pas publikimit t\u00eb Raportit t\u00eb Komisionit Europian, reagon ministri i Jasht\u00ebm n\u00eb Detyr\u00eb, Gent Cakaj. Sipas tij, Shqip\u00ebria ka sh\u00ebnuar nj\u00eb progres n\u00eb hapjen e negociatave n\u00eb an\u00ebtar\u00ebsimin n\u00eb BE. Cakaj shkruan se vler\u00ebsimi teknik i Komisionit duhet t\u00eb shnd\u00ebrrohet n\u00eb vullnet politik.<\/p>\n<p>\u201cShqip\u00ebria ka sh\u00ebnuar progresin e nevojsh\u00ebm p\u00ebr hapjen e negociatave p\u00ebr an\u00ebtar\u00ebsim n\u00eb BE! Tani \u00ebsht\u00eb koha e bashk\u00ebpunimit nd\u00ebrpartiak n\u00eb sh\u00ebrbim t\u00eb integrimit dhe angazhimit maksimal politik p\u00ebr t\u2019i shpalosur domosdoshm\u00ebrin\u00eb e hapjes s\u00eb negociatave Evrop\u00ebs!<\/p>\n<p>Vler\u00ebsimi teknik i Komisionit duhet t\u00eb shnd\u00ebrrohet n\u00eb vullnet politik t\u00eb Keshillit dhe Shqip\u00ebris\u00eb duhet t\u2019i hapen negociatat menj\u00ebher\u00eb!\u201d-shkruan Cakaj.<\/p>\n<p>&nbsp;<\/p>","protected":false},"excerpt":{"rendered":"<p>Pas publikimit t\u00eb Raportit t\u00eb Komisionit Europian, reagon ministri i Jasht\u00ebm n\u00eb Detyr\u00eb, Gent Cakaj. Sipas tij, Shqip\u00ebria ka sh\u00ebnuar nj\u00eb progres n\u00eb hapjen e negociatave n\u00eb an\u00ebtar\u00ebsimin n\u00eb BE. Cakaj shkruan se vler\u00ebsimi teknik i Komisionit duhet t\u00eb shnd\u00ebrrohet n\u00eb vullnet politik. \u201cShqip\u00ebria ka sh\u00ebnuar progresin e nevojsh\u00ebm p\u00ebr hapjen e negociatave p\u00ebr an\u00ebtar\u00ebsim [&hellip;]<\/p>\n","protected":false},"author":2013,"featured_media":60045,"comment_status":"open","ping_status":"closed","sticky":false,"template":"","format":"standard","meta":{"footnotes":""},"categories":[241,235],"tags":[],"class_list":{"0":"post-86517","1":"post","2":"type-post","3":"status-publish","4":"format-standard","5":"has-post-thumbnail","7":"category-aktualitet","8":"category-vendi"},"_links":{"self":[{"href":"https:\/\/zjarr.tv\/en\/wp-json\/wp\/v2\/posts\/86517","targetHints":{"allow":["GET"]}}],"collection":[{"href":"https:\/\/zjarr.tv\/en\/wp-json\/wp\/v2\/posts"}],"about":[{"href":"https:\/\/zjarr.tv\/en\/wp-json\/wp\/v2\/types\/post"}],"author":[{"embeddable":true,"href":"https:\/\/zjarr.tv\/en\/wp-json\/wp\/v2\/users\/2013"}],"replies":[{"embeddable":true,"href":"https:\/\/zjarr.tv\/en\/wp-json\/wp\/v2\/comments?post=86517"}],"version-history":[{"count":0,"href":"https:\/\/zjarr.tv\/en\/wp-json\/wp\/v2\/posts\/86517\/revisions"}],"wp:featuredmedia":[{"embeddable":true,"href":"https:\/\/zjarr.tv\/en\/wp-json\/wp\/v2\/media\/60045"}],"wp:attachment":[{"href":"https:\/\/zjarr.tv\/en\/wp-json\/wp\/v2\/media?parent=86517"}],"wp:term":[{"taxonomy":"category","embeddable":true,"href":"https:\/\/zjarr.tv\/en\/wp-json\/wp\/v2\/categories?post=86517"},{"taxonomy":"post_tag","embeddable":true,"href":"https:\/\/zjarr.tv\/en\/wp-json\/wp\/v2\/tags?post=86517"}],"curies":[{"name":"wp","href":"https:\/\/api.w.org\/{rel}","templated":true}]}}