{"id":86531,"date":"2019-05-29T16:24:41","date_gmt":"2019-05-29T14:24:41","guid":{"rendered":"https:\/\/zjarr.tv\/?p=86531"},"modified":"2019-05-29T16:24:41","modified_gmt":"2019-05-29T14:24:41","slug":"rekomandimi-pa-kushte-lleshaj-certifikate-domethenese-per-progresin-e-shqiperise","status":"publish","type":"post","link":"https:\/\/zjarr.tv\/en\/rekomandimi-pa-kushte-lleshaj-certifikate-domethenese-per-progresin-e-shqiperise\/","title":{"rendered":"Rekomandimi pa kushte, Lleshaj: Certifikat\u00eb dometh\u00ebn\u00ebse p\u00ebr progresin e Shqip\u00ebris\u00eb"},"content":{"rendered":"<p>Pas dh\u00ebnies s\u00eb rekomandimit nga Komisioni Europian, ka reaguar edhe ministry i Brendsh\u00ebm, Sand\u00ebr Lleshaj.<\/p>\n<p>N\u00eb nj\u00eb postim n\u00eb rrjetin social, twitter Lleshaj thekson se\u00a0<em>\u201cRaporti i Progresit t\u00eb BE p\u00ebr Shqip\u00ebrin\u00eb, nj\u00eb certifikat\u00eb dometh\u00ebn\u00ebse e progresit t\u00eb gjithansh\u00ebm t\u00eb vendit\u201d.<\/em><\/p>\n<p>M\u00eb tej Ministri shkruan se\u00a0<em>\u201cVler\u00ebsimet e larta p\u00ebr angazhimin e Policis\u00eb s\u00eb Shtetit n\u00eb luft\u00ebn kund\u00ebr krimit t\u00eb organizuar e kanabisit dhe bashk\u00ebpunimin nd\u00ebrkomb\u00ebtar jan\u00eb inkurajim p\u00ebr thellimin e m\u00ebtejsh\u00ebm t\u00eb suksesit\u201d.<\/em><\/p>\n<p>&nbsp;<\/p>","protected":false},"excerpt":{"rendered":"<p>Pas dh\u00ebnies s\u00eb rekomandimit nga Komisioni Europian, ka reaguar edhe ministry i Brendsh\u00ebm, Sand\u00ebr Lleshaj. N\u00eb nj\u00eb postim n\u00eb rrjetin social, twitter Lleshaj thekson se\u00a0\u201cRaporti i Progresit t\u00eb BE p\u00ebr Shqip\u00ebrin\u00eb, nj\u00eb certifikat\u00eb dometh\u00ebn\u00ebse e progresit t\u00eb gjithansh\u00ebm t\u00eb vendit\u201d. M\u00eb tej Ministri shkruan se\u00a0\u201cVler\u00ebsimet e larta p\u00ebr angazhimin e Policis\u00eb s\u00eb Shtetit n\u00eb luft\u00ebn [&hellip;]<\/p>\n","protected":false},"author":2013,"featured_media":75001,"comment_status":"open","ping_status":"closed","sticky":false,"template":"","format":"standard","meta":{"footnotes":""},"categories":[241,235],"tags":[],"class_list":{"0":"post-86531","1":"post","2":"type-post","3":"status-publish","4":"format-standard","5":"has-post-thumbnail","7":"category-aktualitet","8":"category-vendi"},"_links":{"self":[{"href":"https:\/\/zjarr.tv\/en\/wp-json\/wp\/v2\/posts\/86531","targetHints":{"allow":["GET"]}}],"collection":[{"href":"https:\/\/zjarr.tv\/en\/wp-json\/wp\/v2\/posts"}],"about":[{"href":"https:\/\/zjarr.tv\/en\/wp-json\/wp\/v2\/types\/post"}],"author":[{"embeddable":true,"href":"https:\/\/zjarr.tv\/en\/wp-json\/wp\/v2\/users\/2013"}],"replies":[{"embeddable":true,"href":"https:\/\/zjarr.tv\/en\/wp-json\/wp\/v2\/comments?post=86531"}],"version-history":[{"count":0,"href":"https:\/\/zjarr.tv\/en\/wp-json\/wp\/v2\/posts\/86531\/revisions"}],"wp:featuredmedia":[{"embeddable":true,"href":"https:\/\/zjarr.tv\/en\/wp-json\/wp\/v2\/media\/75001"}],"wp:attachment":[{"href":"https:\/\/zjarr.tv\/en\/wp-json\/wp\/v2\/media?parent=86531"}],"wp:term":[{"taxonomy":"category","embeddable":true,"href":"https:\/\/zjarr.tv\/en\/wp-json\/wp\/v2\/categories?post=86531"},{"taxonomy":"post_tag","embeddable":true,"href":"https:\/\/zjarr.tv\/en\/wp-json\/wp\/v2\/tags?post=86531"}],"curies":[{"name":"wp","href":"https:\/\/api.w.org\/{rel}","templated":true}]}}