{"id":86544,"date":"2019-05-29T19:30:58","date_gmt":"2019-05-29T17:30:58","guid":{"rendered":"https:\/\/zjarr.tv\/?p=86544"},"modified":"2019-05-29T16:37:31","modified_gmt":"2019-05-29T14:37:31","slug":"tronditet-milani-drejtuesi-i-larte-ndjek-hapat-e-gattusos","status":"publish","type":"post","link":"https:\/\/zjarr.tv\/en\/tronditet-milani-drejtuesi-i-larte-ndjek-hapat-e-gattusos\/","title":{"rendered":"&#8220;Tronditet&#8221; Milani, drejtuesi i lart\u00eb ndjek hapat e Gattusos"},"content":{"rendered":"<p>Pas Gennaro Gattusos, nj\u00eb tjet\u00ebr em\u00ebr i r\u00ebnd\u00ebsish\u00ebm i organik\u00ebs s\u00eb Milanit konfirmon dor\u00ebheqjen.<\/p>\n<p>B\u00ebhet fjal\u00eb p\u00ebr Leonardo Nascimento de Araujo, i cili ka hequr dor\u00eb nga roli i drejtorit sportiv t\u00eb kuqezinjve. Lajmi \u00ebsht\u00eb konfirmuar nga vet\u00eb faqja zyrtare e klubit italian, me Milanin q\u00eb ka pranuar dor\u00ebheqjen e Leonardos.<\/p>\n<p><em>&#8220;Klubi d\u00ebshiron t\u00eb fal\u00ebnderoj\u00eb Leonardon p\u00ebr kontributin e tij t\u00eb r\u00ebnd\u00ebsish\u00ebm n\u00eb ndihm\u00ebn p\u00ebr t\u00eb marr\u00eb klubin n\u00eb nj\u00eb epok\u00eb t\u00eb re dhe i uron atij m\u00eb t\u00eb mir\u00ebn n\u00eb karrier\u00ebn e tij t\u00eb ardhshme.<\/em>\u00a0&#8220;-thuhej n\u00eb deklarat\u00ebn e l\u00ebshuar nga klubi kuqezi.<\/p>\n<p>Braziliani u em\u00ebrua drejtor sportiv i Milanit n\u00eb korrik t\u00eb vitit 2018. Interes p\u00ebr sh\u00ebrbimet e tij ka shfaqur PSG, e cila mund ta zyrtarizoj\u00eb firm\u00ebn me t\u00eb n\u00eb dit\u00ebt e ardhshme.<\/p>\n<p>&nbsp;<\/p>","protected":false},"excerpt":{"rendered":"<p>Pas Gennaro Gattusos, nj\u00eb tjet\u00ebr em\u00ebr i r\u00ebnd\u00ebsish\u00ebm i organik\u00ebs s\u00eb Milanit konfirmon dor\u00ebheqjen. B\u00ebhet fjal\u00eb p\u00ebr Leonardo Nascimento de Araujo, i cili ka hequr dor\u00eb nga roli i drejtorit sportiv t\u00eb kuqezinjve. Lajmi \u00ebsht\u00eb konfirmuar nga vet\u00eb faqja zyrtare e klubit italian, me Milanin q\u00eb ka pranuar dor\u00ebheqjen e Leonardos. &#8220;Klubi d\u00ebshiron t\u00eb fal\u00ebnderoj\u00eb [&hellip;]<\/p>\n","protected":false},"author":2013,"featured_media":86545,"comment_status":"open","ping_status":"closed","sticky":false,"template":"","format":"standard","meta":{"footnotes":""},"categories":[241,192],"tags":[],"class_list":{"0":"post-86544","1":"post","2":"type-post","3":"status-publish","4":"format-standard","5":"has-post-thumbnail","7":"category-aktualitet","8":"category-sport"},"_links":{"self":[{"href":"https:\/\/zjarr.tv\/en\/wp-json\/wp\/v2\/posts\/86544","targetHints":{"allow":["GET"]}}],"collection":[{"href":"https:\/\/zjarr.tv\/en\/wp-json\/wp\/v2\/posts"}],"about":[{"href":"https:\/\/zjarr.tv\/en\/wp-json\/wp\/v2\/types\/post"}],"author":[{"embeddable":true,"href":"https:\/\/zjarr.tv\/en\/wp-json\/wp\/v2\/users\/2013"}],"replies":[{"embeddable":true,"href":"https:\/\/zjarr.tv\/en\/wp-json\/wp\/v2\/comments?post=86544"}],"version-history":[{"count":0,"href":"https:\/\/zjarr.tv\/en\/wp-json\/wp\/v2\/posts\/86544\/revisions"}],"wp:featuredmedia":[{"embeddable":true,"href":"https:\/\/zjarr.tv\/en\/wp-json\/wp\/v2\/media\/86545"}],"wp:attachment":[{"href":"https:\/\/zjarr.tv\/en\/wp-json\/wp\/v2\/media?parent=86544"}],"wp:term":[{"taxonomy":"category","embeddable":true,"href":"https:\/\/zjarr.tv\/en\/wp-json\/wp\/v2\/categories?post=86544"},{"taxonomy":"post_tag","embeddable":true,"href":"https:\/\/zjarr.tv\/en\/wp-json\/wp\/v2\/tags?post=86544"}],"curies":[{"name":"wp","href":"https:\/\/api.w.org\/{rel}","templated":true}]}}