{"id":86550,"date":"2019-05-29T19:40:19","date_gmt":"2019-05-29T17:40:19","guid":{"rendered":"https:\/\/zjarr.tv\/?p=86550"},"modified":"2019-05-29T16:42:21","modified_gmt":"2019-05-29T14:42:21","slug":"vizita-ne-japoni-mbaroi-trump-kthehet-ne-uashington","status":"publish","type":"post","link":"https:\/\/zjarr.tv\/en\/vizita-ne-japoni-mbaroi-trump-kthehet-ne-uashington\/","title":{"rendered":"Vizita n\u00eb Japoni mbaroi, Trump kthehet n\u00eb Uashington"},"content":{"rendered":"<p>Presidenti Donald Trump p\u00ebrfundoi t\u00eb mart\u00ebn nj\u00eb vizit\u00eb kat\u00ebr-ditore n\u00eb Japoni; t\u00eb dy udh\u00ebheq\u00ebsit theksuan nevoj\u00ebn e zgjerimit t\u00eb bashk\u00ebpunimit n\u00eb fush\u00ebn ushtarake, nd\u00ebrsa Kina vazhdon fuqizimin e saj.<\/p>\n<p>Edhe pse ata nuk e p\u00ebrmend\u00ebn Kin\u00ebn me em\u00ebr n\u00eb diskutime, por shqet\u00ebsimi i tyre ndaj politikave t\u00eb Pekinit n\u00eb Paq\u00ebsor ishte i pranish\u00ebm.<\/p>\n<p>T\u00eb mart\u00ebn m\u00eb her\u00ebt, kryeministri japonez Shinzo Abe e priti presidentin Trump n\u00eb kuvert\u00ebn e anijes JS Kaga, nj\u00eb nga helikoptermbajt\u00ebset japoneze q\u00eb s\u00eb shpejti do t\u00eb konvertohet p\u00ebr t\u00eb mbajtur nj\u00eb variant t\u00eb avion\u00ebve luftarak\u00eb supersonik\u00eb amerikan\u00eb F-35.<\/p>\n<p>Pask\u00ebsaj, Presidenti Trump mbajti nj\u00eb fjalim para marinar\u00ebve amerikan\u00eb n\u00eb anijen luftarake USS Wasp, ku ai p\u00ebrmendi shitjen e 105 avion\u00ebve t\u00eb tjer\u00eb F-35 Lightning II, secili me kosto rreth 100 milion\u00eb dollar\u00eb, duke th\u00ebn\u00eb se avion\u00ebt &#8220;do t&#8217;i ndihmojn\u00eb kombet tona t\u00eb mbrohen nga nj\u00eb s\u00ebr\u00eb k\u00ebrc\u00ebnimesh komplekse n\u00eb rajon&#8221;.<\/p>\n<p>T\u00eb mart\u00ebn n\u00eb dark\u00eb Presidenti Trump kthehet n\u00eb Uashington.\/<\/p>\n<p>&nbsp;<\/p>","protected":false},"excerpt":{"rendered":"<p>Presidenti Donald Trump p\u00ebrfundoi t\u00eb mart\u00ebn nj\u00eb vizit\u00eb kat\u00ebr-ditore n\u00eb Japoni; t\u00eb dy udh\u00ebheq\u00ebsit theksuan nevoj\u00ebn e zgjerimit t\u00eb bashk\u00ebpunimit n\u00eb fush\u00ebn ushtarake, nd\u00ebrsa Kina vazhdon fuqizimin e saj. Edhe pse ata nuk e p\u00ebrmend\u00ebn Kin\u00ebn me em\u00ebr n\u00eb diskutime, por shqet\u00ebsimi i tyre ndaj politikave t\u00eb Pekinit n\u00eb Paq\u00ebsor ishte i pranish\u00ebm. T\u00eb mart\u00ebn [&hellip;]<\/p>\n","protected":false},"author":2013,"featured_media":57746,"comment_status":"open","ping_status":"closed","sticky":false,"template":"","format":"standard","meta":{"footnotes":""},"categories":[241,191],"tags":[],"class_list":{"0":"post-86550","1":"post","2":"type-post","3":"status-publish","4":"format-standard","5":"has-post-thumbnail","7":"category-aktualitet","8":"category-bota"},"_links":{"self":[{"href":"https:\/\/zjarr.tv\/en\/wp-json\/wp\/v2\/posts\/86550","targetHints":{"allow":["GET"]}}],"collection":[{"href":"https:\/\/zjarr.tv\/en\/wp-json\/wp\/v2\/posts"}],"about":[{"href":"https:\/\/zjarr.tv\/en\/wp-json\/wp\/v2\/types\/post"}],"author":[{"embeddable":true,"href":"https:\/\/zjarr.tv\/en\/wp-json\/wp\/v2\/users\/2013"}],"replies":[{"embeddable":true,"href":"https:\/\/zjarr.tv\/en\/wp-json\/wp\/v2\/comments?post=86550"}],"version-history":[{"count":0,"href":"https:\/\/zjarr.tv\/en\/wp-json\/wp\/v2\/posts\/86550\/revisions"}],"wp:featuredmedia":[{"embeddable":true,"href":"https:\/\/zjarr.tv\/en\/wp-json\/wp\/v2\/media\/57746"}],"wp:attachment":[{"href":"https:\/\/zjarr.tv\/en\/wp-json\/wp\/v2\/media?parent=86550"}],"wp:term":[{"taxonomy":"category","embeddable":true,"href":"https:\/\/zjarr.tv\/en\/wp-json\/wp\/v2\/categories?post=86550"},{"taxonomy":"post_tag","embeddable":true,"href":"https:\/\/zjarr.tv\/en\/wp-json\/wp\/v2\/tags?post=86550"}],"curies":[{"name":"wp","href":"https:\/\/api.w.org\/{rel}","templated":true}]}}