{"id":86552,"date":"2019-05-29T19:50:07","date_gmt":"2019-05-29T17:50:07","guid":{"rendered":"https:\/\/zjarr.tv\/?p=86552"},"modified":"2019-05-29T16:43:41","modified_gmt":"2019-05-29T14:43:41","slug":"macron-institucionet-e-be-se-duhet-te-drejtohen-nga-personalitete-te-fuqishme","status":"publish","type":"post","link":"https:\/\/zjarr.tv\/en\/macron-institucionet-e-be-se-duhet-te-drejtohen-nga-personalitete-te-fuqishme\/","title":{"rendered":"Macron: Institucionet e BE-s\u00eb duhet t\u00eb drejtohen nga personalitete t\u00eb fuqishme"},"content":{"rendered":"<p>Presidenti i Franc\u00ebs, Emmanuel Macron, tha se d\u00ebshiron q\u00eb personalitete t\u00eb fuqishme t\u00eb udh\u00ebheqin institucionet e Bashkimit Evropian n\u00eb pes\u00eb vitet e ardhshme, edhe pse ai, n\u00eb k\u00ebt\u00eb faz\u00eb, refuzoi t\u00eb em\u00ebroj\u00eb kandidat\u00ebt e tij t\u00eb preferuar.<\/p>\n<p>&#8220;\u00c7el\u00ebsi p\u00ebr mua \u00ebsht\u00eb q\u00eb njer\u00ebzit n\u00eb pozitat m\u00eb t\u00eb ndjeshme t\u00eb jen\u00eb karizmatik\u00eb, kreativ\u00eb dhe m\u00eb kompetent\u00ebt e mundsh\u00ebm&#8221;, u tha Macron gazetar\u00ebve pas nj\u00eb darke joformale t\u00eb lider\u00ebve t\u00eb BE-s\u00eb n\u00eb Bruksel.<\/p>\n<p>&#8220;Un\u00eb nuk jam pjes\u00eb e atyre q\u00eb duan udh\u00ebheq\u00ebs t\u00eb Komisionit Europian ose K\u00ebshillit t\u00eb BE-s\u00eb q\u00eb nuk i l\u00ebn\u00eb n\u00ebn hije lider\u00ebt komb\u00ebtar\u00eb&#8221;, tha ai.<\/p>\n<p>&#8220;\u00cbsht\u00eb e r\u00ebnd\u00ebsishme p\u00ebr mua q\u00eb t\u00eb kemi baraspesh\u00eb gjinore, q\u00eb t\u00eb em\u00ebrojm\u00eb dy burra dhe dy gra,&#8221; shtoi Macron.<\/p>\n<p>Macron dhe kancelarja gjermane, Angela Merkel, jan\u00eb n\u00eb kund\u00ebrshtim me at\u00eb se kush duhet t\u00eb jet\u00eb shefi i ardhsh\u00ebm i Komisionit Europian. Kancelarja gjermane mb\u00ebshtet nj\u00eb shtetas gjerman t\u00eb partis\u00eb s\u00eb saj, ligjv\u00ebn\u00ebsin evropian Manfred Weber.<\/p>\n<p>Zyrtar\u00ebt francez\u00eb than\u00eb se mungesa e p\u00ebrvoj\u00ebs politike t\u00eb Weberit p\u00ebr nj\u00eb pozit\u00eb t\u00eb lart\u00eb n\u00eb BE \u00ebsht\u00eb nj\u00eb problem, si dhe fakti q\u00eb ai nuk mund t\u00eb flas\u00eb fr\u00ebngjishten.<\/p>\n<p>Ata than\u00eb se presidenti, Macron nuk po insiston domosdoshm\u00ebrisht q\u00eb nj\u00eb shtetas francez t\u00eb merrte nj\u00eb pozit\u00eb t\u00eb lart\u00eb, pavar\u00ebsisht se negociatori i Brexit, francezi Michel Barnier shpesh \u00ebsht\u00eb p\u00ebrfolur si nj\u00eb kandidat i mundsh\u00ebm.<\/p>\n<p>Udh\u00ebheq\u00ebsit e vendeve an\u00ebtare t\u00eb BE-s\u00eb, diskutuan t\u00eb mart\u00ebn n\u00eb mbr\u00ebmje p\u00ebr em\u00ebrimet n\u00eb pozitat ky\u00e7e t\u00eb Bashkimit Evropian, pas zgjedhjeve p\u00ebr Parlamentin Evropian t\u00eb cilat u mbajt\u00ebn n\u00eb fund t\u00eb jav\u00ebs s\u00eb kaluar.<\/p>\n<p>&nbsp;<\/p>\n<p>&nbsp;<\/p>","protected":false},"excerpt":{"rendered":"<p>Presidenti i Franc\u00ebs, Emmanuel Macron, tha se d\u00ebshiron q\u00eb personalitete t\u00eb fuqishme t\u00eb udh\u00ebheqin institucionet e Bashkimit Evropian n\u00eb pes\u00eb vitet e ardhshme, edhe pse ai, n\u00eb k\u00ebt\u00eb faz\u00eb, refuzoi t\u00eb em\u00ebroj\u00eb kandidat\u00ebt e tij t\u00eb preferuar. &#8220;\u00c7el\u00ebsi p\u00ebr mua \u00ebsht\u00eb q\u00eb njer\u00ebzit n\u00eb pozitat m\u00eb t\u00eb ndjeshme t\u00eb jen\u00eb karizmatik\u00eb, kreativ\u00eb dhe m\u00eb kompetent\u00ebt [&hellip;]<\/p>\n","protected":false},"author":2013,"featured_media":69441,"comment_status":"open","ping_status":"closed","sticky":false,"template":"","format":"standard","meta":{"footnotes":""},"categories":[241,191],"tags":[],"class_list":{"0":"post-86552","1":"post","2":"type-post","3":"status-publish","4":"format-standard","5":"has-post-thumbnail","7":"category-aktualitet","8":"category-bota"},"_links":{"self":[{"href":"https:\/\/zjarr.tv\/en\/wp-json\/wp\/v2\/posts\/86552","targetHints":{"allow":["GET"]}}],"collection":[{"href":"https:\/\/zjarr.tv\/en\/wp-json\/wp\/v2\/posts"}],"about":[{"href":"https:\/\/zjarr.tv\/en\/wp-json\/wp\/v2\/types\/post"}],"author":[{"embeddable":true,"href":"https:\/\/zjarr.tv\/en\/wp-json\/wp\/v2\/users\/2013"}],"replies":[{"embeddable":true,"href":"https:\/\/zjarr.tv\/en\/wp-json\/wp\/v2\/comments?post=86552"}],"version-history":[{"count":0,"href":"https:\/\/zjarr.tv\/en\/wp-json\/wp\/v2\/posts\/86552\/revisions"}],"wp:featuredmedia":[{"embeddable":true,"href":"https:\/\/zjarr.tv\/en\/wp-json\/wp\/v2\/media\/69441"}],"wp:attachment":[{"href":"https:\/\/zjarr.tv\/en\/wp-json\/wp\/v2\/media?parent=86552"}],"wp:term":[{"taxonomy":"category","embeddable":true,"href":"https:\/\/zjarr.tv\/en\/wp-json\/wp\/v2\/categories?post=86552"},{"taxonomy":"post_tag","embeddable":true,"href":"https:\/\/zjarr.tv\/en\/wp-json\/wp\/v2\/tags?post=86552"}],"curies":[{"name":"wp","href":"https:\/\/api.w.org\/{rel}","templated":true}]}}