{"id":86557,"date":"2019-05-29T16:52:35","date_gmt":"2019-05-29T14:52:35","guid":{"rendered":"https:\/\/zjarr.tv\/?p=86557"},"modified":"2019-05-29T16:52:35","modified_gmt":"2019-05-29T14:52:35","slug":"gjashte-ish-deputetet-e-pd-policia-ka-tentuar-te-manipuloje-pamjet-e-16-shkurtit","status":"publish","type":"post","link":"https:\/\/zjarr.tv\/en\/gjashte-ish-deputetet-e-pd-policia-ka-tentuar-te-manipuloje-pamjet-e-16-shkurtit\/","title":{"rendered":"Gjasht\u00eb ish-deputet\u00ebt e PD: Policia ka tentuar t\u00eb manipuloj\u00eb pamjet e 16 shkurtit"},"content":{"rendered":"<p>Gjasht\u00eb deputet\u00ebt e PD, t\u00eb cil\u00ebt jan\u00eb proceduar penalisht n\u00ebn akuz\u00eb p\u00ebr kund\u00ebrshtim me dhun\u00eb t\u00eb punonj\u00ebsve t\u00eb policis\u00eb, i akuzojn\u00eb uniformat blu se kan\u00eb tentuar t\u00eb manipulojn\u00eb pamjet filmike.<\/p>\n<p><strong>Noka:<\/strong>\u00a0<em>Thjesht\u00eb kam larguar nj\u00eb punonj\u00ebs q\u00eb duhet t\u00eb jet\u00eb nj\u00eb punonj\u00ebs policie por q\u00eb fatkeq\u00ebsisht rezultoi t\u00eb ishte punonj\u00ebs i band\u00ebs n\u00eb pushtet, i cili kapte p\u00ebr fyti deputet\u00ebt.<\/em><\/p>\n<p>Nd\u00ebrsa deputeti Enkelejd Alibeaj, tha se policia, i pengoi deputet\u00ebt n\u00eb t\u00eb \u00a0drejt\u00ebn kushtetuese dhe ligjore p\u00ebr t\u00eb marre informacion, nd\u00ebrsa sipas tij, drejtori i P\u00ebrgjithsh\u00ebm, n\u00ebndrejtori i p\u00ebrgjithsh\u00ebm dhe \u00a0prokurori i \u00e7\u00ebshtjes ishin t\u00eb impenjuar jo me detyrat e tyre, por t\u00eb mbytur nga avujt e alkoolit.<\/p>\n<p><strong>Alibeaj:<\/strong>\u00a0<em>Ishin duke u sheshuar dhe mbytur n\u00ebn avujt e alkoolit. Si\u00e7 e shihni vet\u00eb n\u00eb pamjet kryesore dhe pik\u00ebrisht aty n\u00eb zyrat kryesore t\u00eb shtetit, t\u00eb Policis\u00eb s\u00eb Tiran\u00ebs u ndodh\u00ebm p\u00ebrball\u00eb nj\u00eb agresioni t\u00eb disa personave, pse jo t\u00eb dehur nga avujt e alkoolit.<\/em><\/p>\n<p>Partia Demokratike \u00a0publikoi disa pamje \u00a0ku sipas saj tregohet se Drejtori i P\u00ebrgjithsh\u00ebm i Policis\u00eb sulmon \u00a0deputetin Strazimiri per t\u2019i marre telefonin me te cilin po filmonte.<\/p>\n<p><strong>Alibeaj:<\/strong>\u00a0<em>Se si nj\u00eb n\u00ebndrejtori i policis\u00eb n\u00ebn avujt e alkoolit vendos edhe dor\u00ebn p\u00ebr t\u00eb kapur koburen. Kushedi se kujt do t\u2019ia drejtonte prej deputet\u00ebve? Kjo ishte situata. \u00a0Kjo ishte situata.<\/em><\/p>\n<p>Deputet\u00ebt demokrat theksuan se jan\u00eb p\u00ebrball\u00eb \u00a0nj\u00eb tentativ\u00eb t\u00eb k\u00ebrc\u00ebnimit politik te opozit\u00ebs nga pushtetit, nd\u00ebrsa sipas tyre n\u00eb kushtet e nj\u00eb shteti normal prokuroria duhet t\u00eb kishte marr n\u00ebn hetim polic\u00ebt.<\/p>\n<p><strong>Alibeaj:<\/strong>\u00a0<em>Kjo \u00ebsht\u00eb data q\u00eb do t\u00eb p\u00ebrcaktoj\u00eb fare qart\u00eb fundin e t\u00eb gjitha k\u00ebtyre skenave dhe shijes s\u00eb hidhur q\u00eb l\u00ebn\u00eb k\u00ebto skena, t\u00eb dhun\u00ebs s\u00eb nj\u00eb shteti policor ndaj qytetar\u00ebve t\u00eb vet\u00eb. 2 qershor 2019, ora 19.00 p\u00ebrball\u00eb kryeministris\u00eb.<\/em><\/p>\n<p>T\u00eb enj\u00ebtn, Flamur Noka, Enkelejd Alibeaj, Gent Strazimi, Klevis Balliu, Xhemal Gjunkshi dhe Anton Frrokaj, do t\u00eb paraqiten n\u00eb prokurori \u00a0p\u00ebr t\u00eb dh\u00ebn\u00eb sqarime p\u00ebr ngjarjen.<\/p>\n<p>&nbsp;<\/p>","protected":false},"excerpt":{"rendered":"<p>Gjasht\u00eb deputet\u00ebt e PD, t\u00eb cil\u00ebt jan\u00eb proceduar penalisht n\u00ebn akuz\u00eb p\u00ebr kund\u00ebrshtim me dhun\u00eb t\u00eb punonj\u00ebsve t\u00eb policis\u00eb, i akuzojn\u00eb uniformat blu se kan\u00eb tentuar t\u00eb manipulojn\u00eb pamjet filmike. Noka:\u00a0Thjesht\u00eb kam larguar nj\u00eb punonj\u00ebs q\u00eb duhet t\u00eb jet\u00eb nj\u00eb punonj\u00ebs policie por q\u00eb fatkeq\u00ebsisht rezultoi t\u00eb ishte punonj\u00ebs i band\u00ebs n\u00eb pushtet, i cili [&hellip;]<\/p>\n","protected":false},"author":2013,"featured_media":86558,"comment_status":"open","ping_status":"closed","sticky":false,"template":"","format":"standard","meta":{"footnotes":""},"categories":[241,235],"tags":[],"class_list":{"0":"post-86557","1":"post","2":"type-post","3":"status-publish","4":"format-standard","5":"has-post-thumbnail","7":"category-aktualitet","8":"category-vendi"},"_links":{"self":[{"href":"https:\/\/zjarr.tv\/en\/wp-json\/wp\/v2\/posts\/86557","targetHints":{"allow":["GET"]}}],"collection":[{"href":"https:\/\/zjarr.tv\/en\/wp-json\/wp\/v2\/posts"}],"about":[{"href":"https:\/\/zjarr.tv\/en\/wp-json\/wp\/v2\/types\/post"}],"author":[{"embeddable":true,"href":"https:\/\/zjarr.tv\/en\/wp-json\/wp\/v2\/users\/2013"}],"replies":[{"embeddable":true,"href":"https:\/\/zjarr.tv\/en\/wp-json\/wp\/v2\/comments?post=86557"}],"version-history":[{"count":0,"href":"https:\/\/zjarr.tv\/en\/wp-json\/wp\/v2\/posts\/86557\/revisions"}],"wp:featuredmedia":[{"embeddable":true,"href":"https:\/\/zjarr.tv\/en\/wp-json\/wp\/v2\/media\/86558"}],"wp:attachment":[{"href":"https:\/\/zjarr.tv\/en\/wp-json\/wp\/v2\/media?parent=86557"}],"wp:term":[{"taxonomy":"category","embeddable":true,"href":"https:\/\/zjarr.tv\/en\/wp-json\/wp\/v2\/categories?post=86557"},{"taxonomy":"post_tag","embeddable":true,"href":"https:\/\/zjarr.tv\/en\/wp-json\/wp\/v2\/tags?post=86557"}],"curies":[{"name":"wp","href":"https:\/\/api.w.org\/{rel}","templated":true}]}}