{"id":86560,"date":"2019-05-29T20:10:44","date_gmt":"2019-05-29T18:10:44","guid":{"rendered":"https:\/\/zjarr.tv\/?p=86560"},"modified":"2019-05-29T16:55:24","modified_gmt":"2019-05-29T14:55:24","slug":"ismajli-vendos-objektivat-sadiku-zbulon-formacionin-qe-do-zbres-ne-fushe","status":"publish","type":"post","link":"https:\/\/zjarr.tv\/en\/ismajli-vendos-objektivat-sadiku-zbulon-formacionin-qe-do-zbres-ne-fushe\/","title":{"rendered":"Ismajli vendos objektivat, Sadiku zbulon formacionin q\u00eb do zbres n\u00eb fush\u00eb"},"content":{"rendered":"<p>Futbollist\u00ebt e komb\u00ebtares, Armando Sadiku dhe Ardjan Ismajli, kan\u00eb dal\u00eb n\u00eb konferenc\u00eb p\u00ebr shtyp n\u00eb vigjilje t\u00eb ndeshjeve kualifikuese t\u00eb EURO 2020, n\u00eb 8 Qershor ndaj Island\u00ebs n\u00eb transfert\u00eb dhe 11 Qershor n\u00eb \u201cElbasan Arena\u201d kund\u00ebr Moldavis\u00eb.<\/p>\n<p>Armando Sadiku n\u00eb fjal\u00ebn e tij u shpreh: \u201c<em>Trajneri ka punuar n\u00eb st\u00ebrvitje skem\u00ebn q\u00eb duhet praktikuar ndaj Island\u00ebs, 3-5-2. Ishte st\u00ebrvitje intensive. Duket q\u00eb i p\u00eblqen t\u00eb q\u00ebndroj\u00eb n\u00eb fush\u00eb dhe t\u2019i jap\u00eb k\u00ebshilla \u00e7do futbollisti n\u00eb \u00e7do rol dhe i p\u00eblqejn\u00eb edhe opinionet tona. Kjo \u00ebsht\u00eb pozitive p\u00ebr ne. Fatmir\u00ebsisht kemi shum\u00eb koh\u00eb deri dit\u00ebn e ndeshjes s\u00eb par\u00eb me Island\u00ebn. Gjith\u00ebsecili duhet ta p\u00ebrgatis\u00eb veten deri dit\u00ebn e ndeshjes. Kjo \u00ebsht\u00eb pozitive. Sa i p\u00ebrket titullar, dje ishte dita e par\u00eb, sot e dyta. Akoma nuk e di, trajneri do t\u00eb b\u00ebj\u00eb zgjedhjet e tij. Gjithmon\u00eb jam munduar t\u00eb jap m\u00eb t\u00eb mir\u00ebn: si n\u00eb klub, ashtu edhe n\u00eb komb\u00ebtare. Si\u00e7 sh\u00ebnova n\u00eb Andorra, edhe pse nuk isha n\u00eb form\u00ebn optimale. Luajta dhe sh\u00ebnova. Gjithmon\u00eb p\u00ebrpiqem t\u00eb sh\u00ebnoj. Dua t\u00eb jem de\u00e7iziv si\u00e7 kam qen\u00eb edhe m\u00eb p\u00ebrpara.<\/em><\/p>\n<p><strong>Islanda?<\/strong><em>\u00a0Ekip q\u00eb luan mir\u00eb n\u00eb loj\u00ebn n\u00eb aj\u00ebr. Vet\u00eb rezultatet flasin: ka shkuar n\u00eb Europian dhe Bot\u00ebror. Kan\u00eb eksperienc\u00eb tashm\u00eb. Nj\u00ebher\u00eb kam luajtur ndaj tyre. Duhet t\u00eb harrojm\u00eb ato dy ndeshje q\u00eb kemi luajtur ndaj tyre, duhet t\u00eb fokusohemi te kjo. Atmosfera \u00ebsht\u00eb ndryshe dhe e mir\u00eb, ndaj duhet t\u00eb p\u00ebrgatitemi.\u00a0<\/em><\/p>\n<p><strong>Trajneri ri?<\/strong>\u00a0<em>Gj\u00ebja q\u00eb m\u00eb p\u00eblqeu m\u00eb shum\u00eb te trajneri ka t\u00eb b\u00ebj\u00eb me komunikimim. Ai ka b\u00ebr\u00eb q\u00eb \u00e7do futbollist t\u00eb ndihet i r\u00ebnd\u00ebsish\u00ebm. Kur ai t\u00eb vjen dhe t\u00eb flet, duke t\u00eb dh\u00ebn\u00eb besim, t\u00eb b\u00ebn t\u00eb mendosh se do t\u00eb luash. Ai po mundohet t\u00eb mbaj\u00eb grupin t\u00eb motivuar n\u00eb 100%. Mundohet t\u2019i jap\u00eb idet\u00eb e skem\u00ebs s\u00eb tij 3-5-2. Duhet ta praktikojm\u00eb mir\u00eb dhe ndaj Island\u00ebs duhet t\u00eb marrim pik\u00ebt maksimale.\u201d<\/em><\/p>\n<p>Ardjan Ismajli theksoi:<\/p>\n<p><em>\u201cParaqitjet e mira t\u00eb miat vijn\u00eb dhe me ndihm\u00ebn e shok\u00ebve. Nuk e di n\u00ebse ka nevoj\u00eb p\u00ebr ndryshim kjo skuad\u00ebr, duhet t\u00eb kemi harmoni dhe do t\u00eb kemi sukses.\u00a0<\/em><strong>Islanda?<\/strong><em>\u00a0E njoh shum\u00eb mir\u00eb futbollin dhe e kam detyrim t\u00eb shoh\u00eb lojtar\u00ebt kund\u00ebrshtar\u00eb. Islanda nuk \u00ebsht\u00eb si\u00e7 ka qen\u00eb dhe ne kemi shpresat tona p\u00ebr t\u00eb marr\u00eb pik\u00eb. P\u00ebr mua nuk ka problem mund t\u00eb luaj dhe me tre mbrojt\u00ebsa.\u00a0<\/em><strong>Kualifikimi?\u00a0<\/strong><em>Un\u00eb besoj se n\u00ebse marrin \u00a0tre pik\u00eb me Island\u00ebn ka shum\u00eb gjasa t\u00eb kualifikohemi. Mund t\u00eb mundim dhe Moldavin\u00eb dhe kemi gjasa p\u00ebr kualifikim. Do t\u00eb shkojm\u00eb p\u00ebr fitore aty\u201d.<\/em><\/p>","protected":false},"excerpt":{"rendered":"<p>Futbollist\u00ebt e komb\u00ebtares, Armando Sadiku dhe Ardjan Ismajli, kan\u00eb dal\u00eb n\u00eb konferenc\u00eb p\u00ebr shtyp n\u00eb vigjilje t\u00eb ndeshjeve kualifikuese t\u00eb EURO 2020, n\u00eb 8 Qershor ndaj Island\u00ebs n\u00eb transfert\u00eb dhe 11 Qershor n\u00eb \u201cElbasan Arena\u201d kund\u00ebr Moldavis\u00eb. Armando Sadiku n\u00eb fjal\u00ebn e tij u shpreh: \u201cTrajneri ka punuar n\u00eb st\u00ebrvitje skem\u00ebn q\u00eb duhet praktikuar ndaj [&hellip;]<\/p>\n","protected":false},"author":2013,"featured_media":86561,"comment_status":"open","ping_status":"closed","sticky":false,"template":"","format":"standard","meta":{"footnotes":""},"categories":[241,192],"tags":[],"class_list":{"0":"post-86560","1":"post","2":"type-post","3":"status-publish","4":"format-standard","5":"has-post-thumbnail","7":"category-aktualitet","8":"category-sport"},"_links":{"self":[{"href":"https:\/\/zjarr.tv\/en\/wp-json\/wp\/v2\/posts\/86560","targetHints":{"allow":["GET"]}}],"collection":[{"href":"https:\/\/zjarr.tv\/en\/wp-json\/wp\/v2\/posts"}],"about":[{"href":"https:\/\/zjarr.tv\/en\/wp-json\/wp\/v2\/types\/post"}],"author":[{"embeddable":true,"href":"https:\/\/zjarr.tv\/en\/wp-json\/wp\/v2\/users\/2013"}],"replies":[{"embeddable":true,"href":"https:\/\/zjarr.tv\/en\/wp-json\/wp\/v2\/comments?post=86560"}],"version-history":[{"count":0,"href":"https:\/\/zjarr.tv\/en\/wp-json\/wp\/v2\/posts\/86560\/revisions"}],"wp:featuredmedia":[{"embeddable":true,"href":"https:\/\/zjarr.tv\/en\/wp-json\/wp\/v2\/media\/86561"}],"wp:attachment":[{"href":"https:\/\/zjarr.tv\/en\/wp-json\/wp\/v2\/media?parent=86560"}],"wp:term":[{"taxonomy":"category","embeddable":true,"href":"https:\/\/zjarr.tv\/en\/wp-json\/wp\/v2\/categories?post=86560"},{"taxonomy":"post_tag","embeddable":true,"href":"https:\/\/zjarr.tv\/en\/wp-json\/wp\/v2\/tags?post=86560"}],"curies":[{"name":"wp","href":"https:\/\/api.w.org\/{rel}","templated":true}]}}