{"id":86565,"date":"2019-05-29T20:30:58","date_gmt":"2019-05-29T18:30:58","guid":{"rendered":"https:\/\/zjarr.tv\/?p=86565"},"modified":"2019-05-29T17:04:35","modified_gmt":"2019-05-29T15:04:35","slug":"may-insiston-se-duhet-te-kete-brexit-me-marreveshje","status":"publish","type":"post","link":"https:\/\/zjarr.tv\/en\/may-insiston-se-duhet-te-kete-brexit-me-marreveshje\/","title":{"rendered":"May insiston se duhet t\u00eb ket\u00eb Brexit me marr\u00ebveshje"},"content":{"rendered":"<p>Kryeministrja britanike n\u00eb largim, Theresa May, insiston se Britania e Madhe duhet t\u00eb dal\u00eb nga Bashkimi Evropian n\u00eb m\u00ebnyr\u00eb t\u00eb rregult me nj\u00eb marr\u00ebveshje.\u201dMund\u00ebsia m\u00eb e mir\u00eb p\u00ebr Britanin\u00eb e Madhe \u00ebsht\u00eb t\u00eb largohet nga BE-ja me nj\u00eb marr\u00ebveshje\u201d, u tha May gazetar\u00ebve, me t\u00eb arritur n\u00eb bisedimet midis 28 udh\u00ebheq\u00ebsve evropian\u00eb p\u00ebr t\u00eb em\u00ebruar udh\u00ebheq\u00ebsit e pes\u00eb pozitave m\u00eb t\u00eb larta t\u00eb Bashkimit Europian, p\u00ebr pes\u00eb vitet e ardhshme.<\/p>\n<p>Marr\u00ebveshja e Brexit-it e kryeministres n\u00eb largim, Theresa May, d\u00ebshtoi tri her\u00eb n\u00eb parlamentin britanik. N\u00eb koh\u00ebn kur ajo provoi t\u00eb d\u00ebrgoj\u00eb n\u00eb parlament edhe nj\u00eb draft t\u00eb marr\u00ebveshjes me disa ndryshime, kund\u00ebr dol\u00ebn deputet\u00ebt e partis\u00eb s\u00eb saj dhe ata t\u00eb opozit\u00ebs.<\/p>\n<p>Kjo b\u00ebri q\u00eb zonja May t\u00eb paralajm\u00ebroj\u00eb dor\u00ebheqjen nga posti i lideres s\u00eb Partis\u00eb Konservatore dhe rrjedhimisht i udh\u00ebheq\u00ebses s\u00eb qeveris\u00eb m\u00eb 7 qershor, duke i hapur rrug\u00eb zgjedhjes s\u00eb pasardh\u00ebsit\/es s\u00eb saj.<\/p>\n<p>&nbsp;<\/p>","protected":false},"excerpt":{"rendered":"<p>Kryeministrja britanike n\u00eb largim, Theresa May, insiston se Britania e Madhe duhet t\u00eb dal\u00eb nga Bashkimi Evropian n\u00eb m\u00ebnyr\u00eb t\u00eb rregult me nj\u00eb marr\u00ebveshje.\u201dMund\u00ebsia m\u00eb e mir\u00eb p\u00ebr Britanin\u00eb e Madhe \u00ebsht\u00eb t\u00eb largohet nga BE-ja me nj\u00eb marr\u00ebveshje\u201d, u tha May gazetar\u00ebve, me t\u00eb arritur n\u00eb bisedimet midis 28 udh\u00ebheq\u00ebsve evropian\u00eb p\u00ebr t\u00eb em\u00ebruar [&hellip;]<\/p>\n","protected":false},"author":2013,"featured_media":0,"comment_status":"open","ping_status":"closed","sticky":false,"template":"","format":"standard","meta":{"footnotes":""},"categories":[241,191],"tags":[],"class_list":{"0":"post-86565","1":"post","2":"type-post","3":"status-publish","4":"format-standard","6":"category-aktualitet","7":"category-bota"},"_links":{"self":[{"href":"https:\/\/zjarr.tv\/en\/wp-json\/wp\/v2\/posts\/86565","targetHints":{"allow":["GET"]}}],"collection":[{"href":"https:\/\/zjarr.tv\/en\/wp-json\/wp\/v2\/posts"}],"about":[{"href":"https:\/\/zjarr.tv\/en\/wp-json\/wp\/v2\/types\/post"}],"author":[{"embeddable":true,"href":"https:\/\/zjarr.tv\/en\/wp-json\/wp\/v2\/users\/2013"}],"replies":[{"embeddable":true,"href":"https:\/\/zjarr.tv\/en\/wp-json\/wp\/v2\/comments?post=86565"}],"version-history":[{"count":0,"href":"https:\/\/zjarr.tv\/en\/wp-json\/wp\/v2\/posts\/86565\/revisions"}],"wp:attachment":[{"href":"https:\/\/zjarr.tv\/en\/wp-json\/wp\/v2\/media?parent=86565"}],"wp:term":[{"taxonomy":"category","embeddable":true,"href":"https:\/\/zjarr.tv\/en\/wp-json\/wp\/v2\/categories?post=86565"},{"taxonomy":"post_tag","embeddable":true,"href":"https:\/\/zjarr.tv\/en\/wp-json\/wp\/v2\/tags?post=86565"}],"curies":[{"name":"wp","href":"https:\/\/api.w.org\/{rel}","templated":true}]}}