{"id":86576,"date":"2019-05-29T21:10:48","date_gmt":"2019-05-29T19:10:48","guid":{"rendered":"https:\/\/zjarr.tv\/?p=86576"},"modified":"2019-05-29T17:14:06","modified_gmt":"2019-05-29T15:14:06","slug":"video-injorim-dhe-demtim-gjithcka-shkon-keq-e-me-keq-per-neymar","status":"publish","type":"post","link":"https:\/\/zjarr.tv\/en\/video-injorim-dhe-demtim-gjithcka-shkon-keq-e-me-keq-per-neymar\/","title":{"rendered":"VIDEO\/ Injorim dhe d\u00ebmtim, gjith\u00e7ka shkon keq e m\u00eb keq p\u00ebr Neymar"},"content":{"rendered":"<p>Neymar po p\u00ebrjeton sezonin m\u00eb t\u00eb v\u00ebshtir\u00eb n\u00eb aspektin personal. Aventura te PSG ishte nj\u00eb d\u00ebshtim i madh, vet\u00ebm kampionati francez nuk mund t\u00eb p\u00ebrmbush egon e nj\u00eb futbollisti q\u00eb d\u00ebshiron t\u00eb jet\u00eb numri nj\u00eb n\u00eb bot\u00eb. As aventura me p\u00ebrfaq\u00ebsuesen braziliane po shkon ashtu si Neymar d\u00ebshiron. Fillimisht trajneri Titte e \u201cshkuror\u00ebzoi\u201d duke i hequr shiritin e kapitenin nd\u00ebrsa n\u00eb seanc\u00ebn e fundit st\u00ebrvitore, ylli brazilian \u00ebsht\u00eb injoruar nga lojtar\u00ebt e rinj\u00eb t\u00eb grumbulluar, m\u00eb sakt\u00eb nga Weverton, i cili aktivizohet me U-20 e Cruzerios.<\/p>\n<p>Weverton shihet duke i b\u00ebr\u00eb nj\u00eb \u201ctunel\u201d Neymarit por sulmuesi i PSG nuk e ka pritur aspak mir\u00eb duke e p\u00ebrplasur n\u00eb tok\u00eb. Jo vet\u00ebm keq, gjat\u00eb nj\u00eb mini ndeshje kontrolli, Neymar ka ndjer\u00eb shqet\u00ebsime n\u00eb k\u00ebmb\u00ebn e tij t\u00eb djatht\u00eb duke mos e p\u00ebrfunduar seanc\u00ebn st\u00ebrvitore. Fatmir\u00ebsisht ekzaminimet treguan se nuk kemi t\u00eb b\u00ebjm\u00eb me ndonj\u00eb t\u00ebrheqje, sipas t\u00eb gjith\u00eb gjasave, Neymar do t\u00eb jet\u00eb n\u00eb dispozicion t\u00eb trajnerit Titte p\u00ebr dy miq\u00ebsoret, kund\u00ebr Katarit dhe Honduras<\/p>\n<p>&nbsp;<\/p>\n<p>https:\/\/www.youtube.com\/watch?time_continue=1&#038;v=q6JP9O5HWkQ<\/p>\n<p>&nbsp;<\/p>","protected":false},"excerpt":{"rendered":"<p>Neymar po p\u00ebrjeton sezonin m\u00eb t\u00eb v\u00ebshtir\u00eb n\u00eb aspektin personal. Aventura te PSG ishte nj\u00eb d\u00ebshtim i madh, vet\u00ebm kampionati francez nuk mund t\u00eb p\u00ebrmbush egon e nj\u00eb futbollisti q\u00eb d\u00ebshiron t\u00eb jet\u00eb numri nj\u00eb n\u00eb bot\u00eb. As aventura me p\u00ebrfaq\u00ebsuesen braziliane po shkon ashtu si Neymar d\u00ebshiron. Fillimisht trajneri Titte e \u201cshkuror\u00ebzoi\u201d duke i [&hellip;]<\/p>\n","protected":false},"author":2013,"featured_media":86578,"comment_status":"open","ping_status":"closed","sticky":false,"template":"","format":"standard","meta":{"footnotes":""},"categories":[241,192],"tags":[],"class_list":{"0":"post-86576","1":"post","2":"type-post","3":"status-publish","4":"format-standard","5":"has-post-thumbnail","7":"category-aktualitet","8":"category-sport"},"_links":{"self":[{"href":"https:\/\/zjarr.tv\/en\/wp-json\/wp\/v2\/posts\/86576","targetHints":{"allow":["GET"]}}],"collection":[{"href":"https:\/\/zjarr.tv\/en\/wp-json\/wp\/v2\/posts"}],"about":[{"href":"https:\/\/zjarr.tv\/en\/wp-json\/wp\/v2\/types\/post"}],"author":[{"embeddable":true,"href":"https:\/\/zjarr.tv\/en\/wp-json\/wp\/v2\/users\/2013"}],"replies":[{"embeddable":true,"href":"https:\/\/zjarr.tv\/en\/wp-json\/wp\/v2\/comments?post=86576"}],"version-history":[{"count":0,"href":"https:\/\/zjarr.tv\/en\/wp-json\/wp\/v2\/posts\/86576\/revisions"}],"wp:featuredmedia":[{"embeddable":true,"href":"https:\/\/zjarr.tv\/en\/wp-json\/wp\/v2\/media\/86578"}],"wp:attachment":[{"href":"https:\/\/zjarr.tv\/en\/wp-json\/wp\/v2\/media?parent=86576"}],"wp:term":[{"taxonomy":"category","embeddable":true,"href":"https:\/\/zjarr.tv\/en\/wp-json\/wp\/v2\/categories?post=86576"},{"taxonomy":"post_tag","embeddable":true,"href":"https:\/\/zjarr.tv\/en\/wp-json\/wp\/v2\/tags?post=86576"}],"curies":[{"name":"wp","href":"https:\/\/api.w.org\/{rel}","templated":true}]}}