{"id":86583,"date":"2019-05-29T17:17:05","date_gmt":"2019-05-29T15:17:05","guid":{"rendered":"https:\/\/zjarr.tv\/?p=86583"},"modified":"2019-05-29T17:17:05","modified_gmt":"2019-05-29T15:17:05","slug":"arratiset-deshmitari-kyc-kunder-saimir-tahirit","status":"publish","type":"post","link":"https:\/\/zjarr.tv\/en\/arratiset-deshmitari-kyc-kunder-saimir-tahirit\/","title":{"rendered":"Arratiset d\u00ebshmitari ky\u00e7 kund\u00ebr Saimir Tahirit"},"content":{"rendered":"<p>Arratiset n\u00eb Itali, Sabaudin \u00c7elaj, nj\u00eb prej bashk\u00ebpun\u00ebtor\u00ebve kryesor\u00eb t\u00eb Moisi Habilajt, nj\u00ebherazi njeriu q\u00eb implikon m\u00eb s\u00eb tep\u00ebrmi n\u00eb p\u00ebrgjimet e Prokuroris\u00eb s\u00eb Catanias ish-ministrin e Brendsh\u00ebm, Saimir Tahiri.<\/p>\n<p>Lajmi u b\u00eb i ditur n\u00eb Gjykat\u00ebn p\u00ebr Krime t\u00eb R\u00ebnda, e cila po shqyrton dosjen penale ndaj v\u00ebllez\u00ebrve Moisi e Florian Habilaj, si dhe 7 t\u00eb pandehurve t\u00eb tjer\u00eb, t\u00eb cil\u00ebt dyshohen si pjes\u00eb e nj\u00eb grupi kriminal q\u00eb trafikonte drog\u00eb nga Shqip\u00ebria drejt Italis\u00eb. Gjykata tha se \u00c7elaj ka thyer mas\u00ebn e \u201carrestit sht\u00ebpiak\u201d duke u zhdukur pa gjurm\u00eb, \u00e7\u2019ka ka detyruar autoritetet italiane ta rendisin emrin e tij n\u00eb list\u00ebn e t\u00eb shum\u00ebk\u00ebrkuarve.<\/p>\n<p>&nbsp;<\/p>","protected":false},"excerpt":{"rendered":"<p>Arratiset n\u00eb Itali, Sabaudin \u00c7elaj, nj\u00eb prej bashk\u00ebpun\u00ebtor\u00ebve kryesor\u00eb t\u00eb Moisi Habilajt, nj\u00ebherazi njeriu q\u00eb implikon m\u00eb s\u00eb tep\u00ebrmi n\u00eb p\u00ebrgjimet e Prokuroris\u00eb s\u00eb Catanias ish-ministrin e Brendsh\u00ebm, Saimir Tahiri. Lajmi u b\u00eb i ditur n\u00eb Gjykat\u00ebn p\u00ebr Krime t\u00eb R\u00ebnda, e cila po shqyrton dosjen penale ndaj v\u00ebllez\u00ebrve Moisi e Florian Habilaj, si dhe [&hellip;]<\/p>\n","protected":false},"author":2013,"featured_media":68185,"comment_status":"open","ping_status":"closed","sticky":false,"template":"","format":"standard","meta":{"footnotes":""},"categories":[241,235],"tags":[],"class_list":{"0":"post-86583","1":"post","2":"type-post","3":"status-publish","4":"format-standard","5":"has-post-thumbnail","7":"category-aktualitet","8":"category-vendi"},"_links":{"self":[{"href":"https:\/\/zjarr.tv\/en\/wp-json\/wp\/v2\/posts\/86583","targetHints":{"allow":["GET"]}}],"collection":[{"href":"https:\/\/zjarr.tv\/en\/wp-json\/wp\/v2\/posts"}],"about":[{"href":"https:\/\/zjarr.tv\/en\/wp-json\/wp\/v2\/types\/post"}],"author":[{"embeddable":true,"href":"https:\/\/zjarr.tv\/en\/wp-json\/wp\/v2\/users\/2013"}],"replies":[{"embeddable":true,"href":"https:\/\/zjarr.tv\/en\/wp-json\/wp\/v2\/comments?post=86583"}],"version-history":[{"count":0,"href":"https:\/\/zjarr.tv\/en\/wp-json\/wp\/v2\/posts\/86583\/revisions"}],"wp:featuredmedia":[{"embeddable":true,"href":"https:\/\/zjarr.tv\/en\/wp-json\/wp\/v2\/media\/68185"}],"wp:attachment":[{"href":"https:\/\/zjarr.tv\/en\/wp-json\/wp\/v2\/media?parent=86583"}],"wp:term":[{"taxonomy":"category","embeddable":true,"href":"https:\/\/zjarr.tv\/en\/wp-json\/wp\/v2\/categories?post=86583"},{"taxonomy":"post_tag","embeddable":true,"href":"https:\/\/zjarr.tv\/en\/wp-json\/wp\/v2\/tags?post=86583"}],"curies":[{"name":"wp","href":"https:\/\/api.w.org\/{rel}","templated":true}]}}