{"id":86590,"date":"2019-05-29T21:40:45","date_gmt":"2019-05-29T19:40:45","guid":{"rendered":"https:\/\/zjarr.tv\/?p=86590"},"modified":"2019-05-29T17:28:27","modified_gmt":"2019-05-29T15:28:27","slug":"berat-gjimshiti-cilesohet-si-zbulimi-i-sezonit-tek-atalanta","status":"publish","type":"post","link":"https:\/\/zjarr.tv\/en\/berat-gjimshiti-cilesohet-si-zbulimi-i-sezonit-tek-atalanta\/","title":{"rendered":"Berat Gjimshiti cil\u00ebsohet si zbulimi i sezonit tek Atalanta"},"content":{"rendered":"<p>Atalanta ka mbyllur nj\u00eb kampionat q\u00eb do ta mbaj\u00eb mend gjat\u00eb. Bergamask\u00ebt ia dol\u00ebn t\u00eb renditeshin n\u00eb vendin e tret\u00eb dhe si pasoj\u00eb siguruan kualifikimin historik p\u00ebr her\u00eb t\u00eb par\u00eb n\u00eb grupet e Lig\u00ebs s\u00eb Kampion\u00ebve.<\/p>\n<p>Pjes\u00eb e padiskutueshme e suksesit ishte Berat Gjimshiti. Mbrojt\u00ebsi fitoi statusin e titullarit ndeshje pas ndeshjeje, nd\u00ebrsa e kund\u00ebrta ndodhi me portierin Berisha, i cili pasi e nisi si titullar e humbi m\u00eb pas postin p\u00ebr t\u2019u ulur n\u00eb stol.<\/p>\n<p>Duke par\u00eb suksesin e jasht\u00ebzakonsh\u00ebm t\u00eb ekipit, kan\u00eb filluar opinionet p\u00ebr ata q\u00eb ishin m\u00eb t\u00eb mir\u00ebt n\u00eb sezonin e l\u00ebn\u00eb pas.<\/p>\n<p>Mbrojt\u00ebsi i Komb\u00ebtares s\u00eb Shqip\u00ebris\u00eb, nga gazetar\u00ebt \u00ebsht\u00eb cil\u00ebsuar si zbulimi i k\u00ebtij viti futbollistik.<\/p>\n<p>N\u00eb p\u00ebrshkrimin e tyre, 26-vje\u00e7ari \u00ebsht\u00eb vler\u00ebsuar p\u00ebr rritjen e tij taktike dhe personalitetin.<\/p>\n<p>\u201cBerat Gjimshiti \u00ebsht\u00eb tek Atalanta prej viteve, por gjithnj\u00eb \u00ebsht\u00eb huazuar dhe nuk ka qen\u00eb n\u00eb grumbullim. \u00cbsht\u00eb th\u00ebrritur n\u00eb momentin e fundit dhe \u00ebsht\u00eb rritur shum\u00eb n\u00eb nivelin teknik dhe taktik. N\u00eb fillim nuk besoja shum\u00eb tek ai, por ka personalitet. Blerje m\u00eb e mir\u00eb ndoshta edhe se Zapata\u201d.<\/p>\n<p>Nd\u00ebrsa nj\u00eb tjet\u00ebr gazetar m\u00eb pran\u00eb Atalant\u00ebs, shpreson q\u00eb klubi t\u00eb mos e shes\u00eb lojtarin.<\/p>\n<p>\u201cP\u00ebr mua zbulim \u00ebsht\u00eb Gjimshiti, sepse shkoi rast\u00ebsisht n\u00eb grumbullim dhe mund t\u00eb largohej pasi kishte merkato. Shpresoj t\u00eb mos largohet sepse ka personalitet dhe fizik, nuk ka shum\u00eb si ai n\u00eb qarkullim\u201d.<\/p>\n<p>&nbsp;<\/p>","protected":false},"excerpt":{"rendered":"<p>Atalanta ka mbyllur nj\u00eb kampionat q\u00eb do ta mbaj\u00eb mend gjat\u00eb. Bergamask\u00ebt ia dol\u00ebn t\u00eb renditeshin n\u00eb vendin e tret\u00eb dhe si pasoj\u00eb siguruan kualifikimin historik p\u00ebr her\u00eb t\u00eb par\u00eb n\u00eb grupet e Lig\u00ebs s\u00eb Kampion\u00ebve. Pjes\u00eb e padiskutueshme e suksesit ishte Berat Gjimshiti. Mbrojt\u00ebsi fitoi statusin e titullarit ndeshje pas ndeshjeje, nd\u00ebrsa e kund\u00ebrta [&hellip;]<\/p>\n","protected":false},"author":2013,"featured_media":86245,"comment_status":"open","ping_status":"closed","sticky":false,"template":"","format":"standard","meta":{"footnotes":""},"categories":[241,192],"tags":[],"class_list":{"0":"post-86590","1":"post","2":"type-post","3":"status-publish","4":"format-standard","5":"has-post-thumbnail","7":"category-aktualitet","8":"category-sport"},"_links":{"self":[{"href":"https:\/\/zjarr.tv\/en\/wp-json\/wp\/v2\/posts\/86590","targetHints":{"allow":["GET"]}}],"collection":[{"href":"https:\/\/zjarr.tv\/en\/wp-json\/wp\/v2\/posts"}],"about":[{"href":"https:\/\/zjarr.tv\/en\/wp-json\/wp\/v2\/types\/post"}],"author":[{"embeddable":true,"href":"https:\/\/zjarr.tv\/en\/wp-json\/wp\/v2\/users\/2013"}],"replies":[{"embeddable":true,"href":"https:\/\/zjarr.tv\/en\/wp-json\/wp\/v2\/comments?post=86590"}],"version-history":[{"count":0,"href":"https:\/\/zjarr.tv\/en\/wp-json\/wp\/v2\/posts\/86590\/revisions"}],"wp:featuredmedia":[{"embeddable":true,"href":"https:\/\/zjarr.tv\/en\/wp-json\/wp\/v2\/media\/86245"}],"wp:attachment":[{"href":"https:\/\/zjarr.tv\/en\/wp-json\/wp\/v2\/media?parent=86590"}],"wp:term":[{"taxonomy":"category","embeddable":true,"href":"https:\/\/zjarr.tv\/en\/wp-json\/wp\/v2\/categories?post=86590"},{"taxonomy":"post_tag","embeddable":true,"href":"https:\/\/zjarr.tv\/en\/wp-json\/wp\/v2\/tags?post=86590"}],"curies":[{"name":"wp","href":"https:\/\/api.w.org\/{rel}","templated":true}]}}