{"id":86594,"date":"2019-05-29T22:00:59","date_gmt":"2019-05-29T20:00:59","guid":{"rendered":"https:\/\/zjarr.tv\/?p=86594"},"modified":"2019-05-29T17:32:49","modified_gmt":"2019-05-29T15:32:49","slug":"dacic-serbia-nuk-kishte-informacione-per-nderhyrjen-e-djeshme-ne-veri","status":"publish","type":"post","link":"https:\/\/zjarr.tv\/en\/dacic-serbia-nuk-kishte-informacione-per-nderhyrjen-e-djeshme-ne-veri\/","title":{"rendered":"Da\u00e7i\u00e7: Serbia nuk kishte informacione p\u00ebr nd\u00ebrhyrjen e djeshme n\u00eb veri"},"content":{"rendered":"<p>Policia e Kosov\u00ebs n\u00eb bashk\u00ebpunim me Prokurorin\u00eb dhe Inspektoratin Policor, dje kan\u00eb organizuar nj\u00eb aksion t\u00eb madh n\u00eb gjith\u00eb territorin e Republik\u00ebs s\u00eb Kosov\u00ebs, duke p\u00ebrfshir\u00eb k\u00ebshtu edhe veriun e vendit, nga ku mbeten t\u00eb arrestuar dhjet\u00ebra qytetar\u00eb serb\u00eb.<\/p>\n<p>P\u00ebr nj\u00eb nd\u00ebrhyrje t\u00eb mundshme t\u00eb forcave t\u00eb siguris\u00eb n\u00eb Veri, Vu\u00e7iq kishte folur jav\u00eb m\u00eb par\u00eb, nd\u00ebrkoh\u00eb dje e kishte p\u00ebrs\u00ebritur se ndodhi pik\u00ebrisht ajo q\u00eb kishte paralajm\u00ebruar dhe p\u00ebr t\u00eb cil\u00ebn kishte alarmuar komunitetin nd\u00ebrkomb\u00ebtar.<\/p>\n<p>Megjithat\u00eb fjal\u00ebt e shefit t\u00eb tij, i ka p\u00ebrg\u00ebnjeshtruar Ivica Da\u00e7iq, minist\u00ebr i Pun\u00ebve t\u00eb Jashtme t\u00eb Serbis\u00eb, duke th\u00ebn\u00eb se Serbia nuk kishte asnj\u00eb informacion se Kosova do t\u00eb realizonte at\u00eb aksion n\u00eb veri.<\/p>\n<p>\u201cSerbia nuk kishte informacione mbi arrestimet e kryera n\u00eb kat\u00ebr komunat veriore t\u00eb Kosov\u00ebs\u201d, ka th\u00ebn\u00eb ai.<\/p>\n<p>Da\u00e7iq ka shtuar se p\u00ebr veprime t\u00eb tilla do t\u00eb duhej t\u00eb kishte nj\u00eb sistem informimi nd\u00ebrmjet Kosov\u00ebs dhe Serbis\u00eb.<\/p>\n<p>\u201cDetyrim i\u00a0 n\u00ebnshkruesve t\u00eb Brukselit ishte q\u00eb t\u00eb kishte nj\u00eb sistem informimi mbi veprime e mundshme\u201d, ka th\u00eb\u00ebn Da\u00e7iq, shkruan tanjug.<\/p>\n<p>Dje institucionet e siguris\u00eb n\u00eb veri t\u00eb vendit kan\u00eb arrestuar dhjet\u00ebra persona n\u00ebn dyshimet p\u00ebr kontraband\u00eb e vepra t\u00eb ngjashme. Shumica e t\u00eb arrestuarve jan\u00eb pjes\u00ebtar\u00eb t\u00eb Policis\u00eb s\u00eb Kosov\u00ebs.<\/p>\n<p>&nbsp;<\/p>","protected":false},"excerpt":{"rendered":"<p>Policia e Kosov\u00ebs n\u00eb bashk\u00ebpunim me Prokurorin\u00eb dhe Inspektoratin Policor, dje kan\u00eb organizuar nj\u00eb aksion t\u00eb madh n\u00eb gjith\u00eb territorin e Republik\u00ebs s\u00eb Kosov\u00ebs, duke p\u00ebrfshir\u00eb k\u00ebshtu edhe veriun e vendit, nga ku mbeten t\u00eb arrestuar dhjet\u00ebra qytetar\u00eb serb\u00eb. P\u00ebr nj\u00eb nd\u00ebrhyrje t\u00eb mundshme t\u00eb forcave t\u00eb siguris\u00eb n\u00eb Veri, Vu\u00e7iq kishte folur jav\u00eb m\u00eb [&hellip;]<\/p>\n","protected":false},"author":2013,"featured_media":50656,"comment_status":"open","ping_status":"closed","sticky":false,"template":"","format":"standard","meta":{"footnotes":""},"categories":[241,2],"tags":[],"class_list":{"0":"post-86594","1":"post","2":"type-post","3":"status-publish","4":"format-standard","5":"has-post-thumbnail","7":"category-aktualitet","8":"category-rajoni"},"_links":{"self":[{"href":"https:\/\/zjarr.tv\/en\/wp-json\/wp\/v2\/posts\/86594","targetHints":{"allow":["GET"]}}],"collection":[{"href":"https:\/\/zjarr.tv\/en\/wp-json\/wp\/v2\/posts"}],"about":[{"href":"https:\/\/zjarr.tv\/en\/wp-json\/wp\/v2\/types\/post"}],"author":[{"embeddable":true,"href":"https:\/\/zjarr.tv\/en\/wp-json\/wp\/v2\/users\/2013"}],"replies":[{"embeddable":true,"href":"https:\/\/zjarr.tv\/en\/wp-json\/wp\/v2\/comments?post=86594"}],"version-history":[{"count":0,"href":"https:\/\/zjarr.tv\/en\/wp-json\/wp\/v2\/posts\/86594\/revisions"}],"wp:featuredmedia":[{"embeddable":true,"href":"https:\/\/zjarr.tv\/en\/wp-json\/wp\/v2\/media\/50656"}],"wp:attachment":[{"href":"https:\/\/zjarr.tv\/en\/wp-json\/wp\/v2\/media?parent=86594"}],"wp:term":[{"taxonomy":"category","embeddable":true,"href":"https:\/\/zjarr.tv\/en\/wp-json\/wp\/v2\/categories?post=86594"},{"taxonomy":"post_tag","embeddable":true,"href":"https:\/\/zjarr.tv\/en\/wp-json\/wp\/v2\/tags?post=86594"}],"curies":[{"name":"wp","href":"https:\/\/api.w.org\/{rel}","templated":true}]}}