{"id":86598,"date":"2019-05-29T17:36:27","date_gmt":"2019-05-29T15:36:27","guid":{"rendered":"https:\/\/zjarr.tv\/?p=86598"},"modified":"2019-05-29T17:36:27","modified_gmt":"2019-05-29T15:36:27","slug":"basha-nga-fieri-nuk-luftojme-per-pushtet-por-per-ti-dhene-fund-tranzicionit","status":"publish","type":"post","link":"https:\/\/zjarr.tv\/en\/basha-nga-fieri-nuk-luftojme-per-pushtet-por-per-ti-dhene-fund-tranzicionit\/","title":{"rendered":"Basha nga Fieri: Nuk luftojm\u00eb p\u00ebr pushtet, por p\u00ebr ti dh\u00ebn\u00eb fund tranzicionit"},"content":{"rendered":"<p>Pas Elbasanit, dit\u00ebn e sotme kreu i Partis\u00eb Demokratike Lulzim Basha po zhvillon nj\u00eb takim me qytetar\u00ebt e Fierit.<\/p>\n<p>I pritur ngroht\u00ebsisht nga qytetar\u00ebt fierak\u00eb n\u00ebn thirrjet \u201cRama ik\u201d dhe \u201cNuk ka zgjedhje pa PD\u201d, gjat\u00eb fjal\u00ebs s\u00eb tij, lideri i opozit\u00ebs u shpreh se, Shqip\u00ebria si gjith\u00eb Europa \u00ebsht\u00eb misioni dhe aspirata q\u00eb i ka mbledhur shqiptar\u00ebt n\u00eb bashkimin m\u00eb t\u00eb pashembullt, m\u00eb historik, p\u00ebr t\u00eb mos pranuar asgj\u00eb m\u00eb pak se vlerat, standardet dhe parimet e Evrop\u00ebs p\u00ebr vendin ton\u00eb.<\/p>\n<p>\u201cMikpritja juaj \u00ebsht\u00eb mesazhi m\u00eb i fort\u00eb i shpres\u00ebs q\u00eb ka lindur e q\u00eb ka mbuluar fshatrat e qytetet e vendit. Sot p\u00ebr her\u00eb t\u00eb par\u00eb n\u00eb Fier p\u00ebrsh\u00ebndetjen me shenj\u00ebn e fitores e kam par\u00eb t\u00eb ngrihem jo vet\u00ebm nga duart e demokrat\u00ebve fierak\u00eb, por edhe nga socialist\u00ebt fierak\u00eb sepse do t\u00eb jet\u00eb fitorja e \u00e7do qytetari shqiptar\u201d, deklaroi Basha n\u00eb hyrje t\u00eb fjal\u00ebs s\u00eb tij.<\/p>\n<p>\u201cPo e shihni k\u00ebtu e anemban\u00eb Shqip\u00ebris\u00eb. E pa gjith\u00eb bota bashkimin dhe fuqin\u00eb ton\u00eb t\u00eb shtun\u00ebn n\u00eb Tiran\u00eb. Dhe bashkimi yn\u00eb rritet nga dita n\u00eb dit\u00eb, rradh\u00ebt e protest\u00ebs popullore shtohen sepse Shqip\u00ebria ka p\u00ebrqafuar kauz\u00ebn ton\u00eb t\u00eb drejt\u00eb. Ne nuk luftojm\u00eb p\u00ebr karrike dhe pushtet, por q\u00eb pushteti ti takoj\u00eb qytetar\u00ebve shqiptar\u00eb. Ne luftojm\u00eb ti japim fund tranzicionit e ti hapim rrug\u00ebn Shqip\u00ebris\u00eb Europiane\u201d, u shpreh lideri i PD-s\u00eb.<\/p>\n<p>&nbsp;<\/p>","protected":false},"excerpt":{"rendered":"<p>Pas Elbasanit, dit\u00ebn e sotme kreu i Partis\u00eb Demokratike Lulzim Basha po zhvillon nj\u00eb takim me qytetar\u00ebt e Fierit. I pritur ngroht\u00ebsisht nga qytetar\u00ebt fierak\u00eb n\u00ebn thirrjet \u201cRama ik\u201d dhe \u201cNuk ka zgjedhje pa PD\u201d, gjat\u00eb fjal\u00ebs s\u00eb tij, lideri i opozit\u00ebs u shpreh se, Shqip\u00ebria si gjith\u00eb Europa \u00ebsht\u00eb misioni dhe aspirata q\u00eb i [&hellip;]<\/p>\n","protected":false},"author":2013,"featured_media":86599,"comment_status":"open","ping_status":"closed","sticky":false,"template":"","format":"standard","meta":{"footnotes":""},"categories":[241,235],"tags":[],"class_list":{"0":"post-86598","1":"post","2":"type-post","3":"status-publish","4":"format-standard","5":"has-post-thumbnail","7":"category-aktualitet","8":"category-vendi"},"_links":{"self":[{"href":"https:\/\/zjarr.tv\/en\/wp-json\/wp\/v2\/posts\/86598","targetHints":{"allow":["GET"]}}],"collection":[{"href":"https:\/\/zjarr.tv\/en\/wp-json\/wp\/v2\/posts"}],"about":[{"href":"https:\/\/zjarr.tv\/en\/wp-json\/wp\/v2\/types\/post"}],"author":[{"embeddable":true,"href":"https:\/\/zjarr.tv\/en\/wp-json\/wp\/v2\/users\/2013"}],"replies":[{"embeddable":true,"href":"https:\/\/zjarr.tv\/en\/wp-json\/wp\/v2\/comments?post=86598"}],"version-history":[{"count":0,"href":"https:\/\/zjarr.tv\/en\/wp-json\/wp\/v2\/posts\/86598\/revisions"}],"wp:featuredmedia":[{"embeddable":true,"href":"https:\/\/zjarr.tv\/en\/wp-json\/wp\/v2\/media\/86599"}],"wp:attachment":[{"href":"https:\/\/zjarr.tv\/en\/wp-json\/wp\/v2\/media?parent=86598"}],"wp:term":[{"taxonomy":"category","embeddable":true,"href":"https:\/\/zjarr.tv\/en\/wp-json\/wp\/v2\/categories?post=86598"},{"taxonomy":"post_tag","embeddable":true,"href":"https:\/\/zjarr.tv\/en\/wp-json\/wp\/v2\/tags?post=86598"}],"curies":[{"name":"wp","href":"https:\/\/api.w.org\/{rel}","templated":true}]}}