{"id":86613,"date":"2019-05-29T18:33:30","date_gmt":"2019-05-29T16:33:30","guid":{"rendered":"https:\/\/zjarr.tv\/?p=86613"},"modified":"2019-05-29T18:33:30","modified_gmt":"2019-05-29T16:33:30","slug":"shba-trump-u-kundervihet-shkencetareve-per-klimen","status":"publish","type":"post","link":"https:\/\/zjarr.tv\/en\/shba-trump-u-kundervihet-shkencetareve-per-klimen\/","title":{"rendered":"SHBA , Trump u kund\u00ebrvihet shkenc\u00ebtar\u00ebve p\u00ebr klim\u00ebn"},"content":{"rendered":"<p>President amerikan, Donald Trump po p\u00ebrgatitet p\u00ebr t\u00eb nisur goditjen n\u00eb betej\u00ebn kund\u00ebr ndryshimeve klimatike.<\/p>\n<p>\u201dPas daljes s\u00eb Shteteve t\u00eb Bashkuara t\u00eb Amerik\u00ebs nga Marr\u00ebveshje e Parisit p\u00ebr Klim\u00ebn, presidenti amerikan po p\u00ebrgatitet t\u00eb heq\u00eb t\u00eb gjitha dispozitat e koh\u00ebs s\u00eb ish-presidentit Barack Obama mbi emetimet\u201d, raporton \u201dNew York Times\u201d.<\/p>\n<p>\u201dTrump synon gjithashtu t\u00eb ngrej\u00eb nj\u00eb komitet p\u00ebr klim\u00ebn\u201d, shtoi NYT.<\/p>\n<p>K\u00ebt\u00eb komitet p\u00ebr klim\u00ebn do ta drejtoj\u00eb nj\u00eb shkenc\u00ebtar nga Princeton, kritik ndaj teoris\u00eb q\u00eb ndryshimet klimatike shkaktohen nga njeriu, nd\u00ebrkoh\u00eb q\u00eb mbron iden\u00eb se kjo shkaktohet nga dyoksidi i karbonit.<\/p>\n<p>Q\u00ebllimi i Trump \u00ebsht\u00eb t\u00eb ver\u00eb n\u00eb pik\u00ebpyetje k\u00ebto konkluzione shkencore, mbi t\u00eb cil\u00ebn bazohen politikat e ndryshimeve klimatike.<\/p>\n<p>&nbsp;<\/p>","protected":false},"excerpt":{"rendered":"<p>President amerikan, Donald Trump po p\u00ebrgatitet p\u00ebr t\u00eb nisur goditjen n\u00eb betej\u00ebn kund\u00ebr ndryshimeve klimatike. \u201dPas daljes s\u00eb Shteteve t\u00eb Bashkuara t\u00eb Amerik\u00ebs nga Marr\u00ebveshje e Parisit p\u00ebr Klim\u00ebn, presidenti amerikan po p\u00ebrgatitet t\u00eb heq\u00eb t\u00eb gjitha dispozitat e koh\u00ebs s\u00eb ish-presidentit Barack Obama mbi emetimet\u201d, raporton \u201dNew York Times\u201d. \u201dTrump synon gjithashtu t\u00eb ngrej\u00eb [&hellip;]<\/p>\n","protected":false},"author":2013,"featured_media":46860,"comment_status":"open","ping_status":"closed","sticky":false,"template":"","format":"standard","meta":{"footnotes":""},"categories":[241,191],"tags":[],"class_list":{"0":"post-86613","1":"post","2":"type-post","3":"status-publish","4":"format-standard","5":"has-post-thumbnail","7":"category-aktualitet","8":"category-bota"},"_links":{"self":[{"href":"https:\/\/zjarr.tv\/en\/wp-json\/wp\/v2\/posts\/86613","targetHints":{"allow":["GET"]}}],"collection":[{"href":"https:\/\/zjarr.tv\/en\/wp-json\/wp\/v2\/posts"}],"about":[{"href":"https:\/\/zjarr.tv\/en\/wp-json\/wp\/v2\/types\/post"}],"author":[{"embeddable":true,"href":"https:\/\/zjarr.tv\/en\/wp-json\/wp\/v2\/users\/2013"}],"replies":[{"embeddable":true,"href":"https:\/\/zjarr.tv\/en\/wp-json\/wp\/v2\/comments?post=86613"}],"version-history":[{"count":0,"href":"https:\/\/zjarr.tv\/en\/wp-json\/wp\/v2\/posts\/86613\/revisions"}],"wp:featuredmedia":[{"embeddable":true,"href":"https:\/\/zjarr.tv\/en\/wp-json\/wp\/v2\/media\/46860"}],"wp:attachment":[{"href":"https:\/\/zjarr.tv\/en\/wp-json\/wp\/v2\/media?parent=86613"}],"wp:term":[{"taxonomy":"category","embeddable":true,"href":"https:\/\/zjarr.tv\/en\/wp-json\/wp\/v2\/categories?post=86613"},{"taxonomy":"post_tag","embeddable":true,"href":"https:\/\/zjarr.tv\/en\/wp-json\/wp\/v2\/tags?post=86613"}],"curies":[{"name":"wp","href":"https:\/\/api.w.org\/{rel}","templated":true}]}}