{"id":86619,"date":"2019-05-29T18:44:24","date_gmt":"2019-05-29T16:44:24","guid":{"rendered":"https:\/\/zjarr.tv\/?p=86619"},"modified":"2019-05-29T18:44:24","modified_gmt":"2019-05-29T16:44:24","slug":"qytetaret-ne-veri-te-kosoves-protesta-kunder-aksionit-te-policise","status":"publish","type":"post","link":"https:\/\/zjarr.tv\/en\/qytetaret-ne-veri-te-kosoves-protesta-kunder-aksionit-te-policise\/","title":{"rendered":"Qytetar\u00ebt n\u00eb veri t\u00eb Kosov\u00ebs protesta kund\u00ebr aksionit t\u00eb policis\u00eb"},"content":{"rendered":"<p>Grupe qytetar\u00ebsh serb\u00eb dol\u00ebn t\u00eb m\u00ebrkur\u00ebn n\u00eb nj\u00eb protest\u00eb p\u00ebr t\u00eb kund\u00ebrshtuar operacionet e policis\u00eb sikurse ai i nj\u00eb dite m\u00eb par\u00eb q\u00eb \u00e7oi n\u00eb arrestimin e 19 zyrtar\u00ebve policor n\u00ebn dyshimet p\u00ebr p\u00ebrfshirje n\u00eb krim t\u00eb organizuar dhe kontraband\u00eb.<\/p>\n<p>Ndon\u00ebse n\u00eb mesin e t\u00eb arrestuarve ka edhe shqiptar\u00eb e boshnjak\u00eb, p\u00ebrfaq\u00ebsuesit e serb\u00ebve n\u00eb veri than\u00eb se operacioni ishte i drejtuar kund\u00ebr komunitetit serb, nj\u00eb q\u00ebndrim q\u00eb u ritheksua t\u00eb h\u00ebn\u00ebn edhe nga presidenti i Serbis\u00eb, Aleksand\u00ebr Vu\u00e7i\u00e7.<\/p>\n<p>Pes\u00eb pjes\u00ebtar\u00eb t\u00eb policis\u00eb s\u00eb Kosov\u00ebs, p\u00ebsuan plag\u00eb me arm\u00eb zjarri dhe l\u00ebndime gjat\u00eb p\u00ebrplasjeve me grupe serb\u00ebsh q\u00eb bllokuan rrug\u00ebt n\u00eb komun\u00ebn e Zubin Potokut, nj\u00eb nga kat\u00ebr komunat me shumic\u00eb serbe ne veri. Gjasht\u00eb qytetar\u00eb p\u00ebsuan l\u00ebndime po ashtu gjat\u00eb p\u00ebrplasjeve.<\/p>\n<p>Operacioni nxiti tensione t\u00eb larta n\u00eb veri dhe nd\u00ebrmjet Prishtin\u00ebs dhe Beogradit.<\/p>\n<p>N\u00eb Beograd, presidenti i Serbis\u00eb, Aleksand\u00ebr Vu\u00e7i\u00e7, tha se ka urdh\u00ebruar q\u00eb ushtria dhe policia t\u00eb jen\u00eb n\u00eb gjendje gatishm\u00ebrie dhe i ka b\u00ebr\u00eb thirrje komunitetit nd\u00ebrkomb\u00ebtare q\u00eb t\u00eb nd\u00ebrhyj\u00eb p\u00ebr t\u00eb \u201cfrenuar Prishtin\u00ebn\u201d.<\/p>\n<p><em>\u201cN\u00eb rast t\u00eb \u00e7far\u00ebdo prishje serioze t\u00eb rendit ose rrezikimi t\u00eb jet\u00ebve t\u00eb serb\u00ebve n\u00eb veriun e Kosov\u00ebs, forcat tona t\u00eb armatosura do t\u00eb mbrojn\u00eb njer\u00ebzit tan\u00eb. Ajo q\u00eb mund t\u00eb ju siguroj \u00ebsht\u00eb se n\u00ebse konflikti p\u00ebrshkall\u00ebzohet, n\u00ebse ka ende sulme ndaj serb\u00ebve, krejt \u00e7ka mund t\u00eb ju them \u00ebsht\u00eb se Serbia do t\u00eb fitoj\u00eb\u201d,<\/em>\u00a0tha ai t\u00eb mart\u00ebn n\u00eb nj\u00eb fjalim n\u00eb parlamentin e Serbis\u00eb.<\/p>\n<p>N\u00eb Prishtin\u00eb, presidenti i Kosov\u00ebs, Hashim Tha\u00e7i, tha se kjo \u201c\u00ebsht\u00eb nj\u00eb deklarat\u00eb populiste, q\u00eb kryesisht ka parasysh opinionin e brendsh\u00ebm n\u00eb Serbi. Presidenti i Serbis\u00eb Vu\u00e7i\u00e7 e di shum\u00eb mir\u00eb se nuk mund t\u00eb l\u00ebviz\u00eb n\u00eb drejtim t\u00eb Kosov\u00ebs, di\u00e7ka q\u00eb \u00ebsht\u00eb e pamundur dhe e pa imagjinueshme dhe edhe vet ai \u00ebsht\u00eb i bindur, por n\u00eb \u00e7do rast institucionet e Republik\u00ebs s\u00eb Kosov\u00ebs duke p\u00ebrfshir\u00eb edhe Forc\u00ebn e Siguris\u00eb s\u00eb Kosov\u00ebs jan\u00eb n\u00eb gjendje gatishm\u00ebrie\u201d, tha ai.<\/p>\n<p>Forcat paqeruajt\u00ebse t\u00eb NATO-s than\u00eb nd\u00ebrkaq se ky b\u00ebhej fjal\u00eb p\u00ebr \u201cnj\u00eb operacion policor dhe se as Forca e Siguris\u00eb s\u00eb Kosov\u00ebs ose ndonj\u00eb forc\u00eb tjet\u00ebr ushtarake nuk \u00ebsht\u00eb vendosur n\u00eb veri t\u00eb Kosov\u00ebs\u201d. Duke u b\u00ebr\u00eb thirrje pal\u00ebve q\u00eb t\u00eb t\u00eb merren me mosmarr\u00ebveshjet n\u00eb m\u00ebnyr\u00eb paq\u00ebsore dhe me p\u00ebrgjegj\u00ebsi, pa p\u00ebrdorimin e forc\u00ebs, KFOR-i theksoi se \u201cnjer\u00ebzit duhet t\u00eb q\u00ebndrojn\u00eb t\u00eb qet\u00eb dhe nuk ka asgj\u00eb p\u00ebr t\u2019u frik\u00ebsuar\u201d.<\/p>\n<p>Bashkimi Evropian b\u00ebri thirrje p\u00ebr p\u00ebrmbajtje dhe komunikim nd\u00ebrmjet pal\u00ebve, nd\u00ebrsa forcat e KFOR-it than\u00eb t\u00eb m\u00ebrkur\u00ebn se Beogradi kishte njohuri p\u00ebr operacionin dhe se p\u00ebr k\u00ebt\u00eb kishte folur q\u00eb m\u00eb par\u00eb edhe presidenti serb, Aleksand\u00ebr Vu\u00e7i\u00e7.<\/p>\n<p>Ky i fundit kritikoi forcat e NATO-s\u00eb por edhe Bashkimin Evropian p\u00ebr q\u00ebndrimin ndaj operacionit, ndrysa mohoi t\u00eb ket\u00eb marr\u00eb informacione nga NATO-ja p\u00ebr t\u00eb. Ai tha se nga burimet informative e ka kuptuar se po p\u00ebrgatitet di\u00e7ka dhe se ai ka folur p\u00ebr k\u00ebt\u00eb n\u00eb publik para m\u00eb shum\u00eb se dhjet\u00eb dit\u00ebsh.<\/p>\n<p><em>\u201cI kemi njoftuar. Q\u00eb nga 17 maji kemi k\u00ebrkuar q\u00eb t\u00eb mos e b\u00ebjn\u00eb nj\u00eb gj\u00eb t\u00eb till\u00eb. Kur kan\u00eb th\u00ebn\u00eb se iu duhet p\u00ebr shkak t\u00eb luft\u00ebs kund\u00ebr korrupsionit, at\u00ebher\u00eb njer\u00ebzit tan\u00eb n\u00eb zyr\u00ebn p\u00ebr Kosov\u00ebn kan\u00eb k\u00ebrkuar q\u00eb t\u00eb mos futen n\u00eb veri, por t\u2019iu d\u00ebrgojn\u00eb thirrje t\u00eb dyshuarve. \u00cbsht\u00eb e r\u00ebnd\u00ebsishme t\u00eb shohim se k\u00eb e kan\u00eb informuar para 17 majit\u201d, tha<\/em>\u00a0ai duke theksuar nd\u00ebrkaq se q\u00ebllimi i Prishtin\u00ebs \u00ebsht\u00eb frik\u00ebsimi i serb\u00ebve n\u00eb veriun e Kosov\u00ebs.<\/p>\n<p>Autoritetet n\u00eb Prishtin\u00eb pohojn\u00eb se operacioni ishte drejtuar ndaj individ\u00ebve t\u00eb dyshuar p\u00ebr veprimtari kriminale dhe ai \u00ebsht\u00eb shtrire edhe n\u00eb tri komuna tjera m\u00eb shumic\u00eb shqiptare.<\/p>\n<p>&nbsp;<\/p>","protected":false},"excerpt":{"rendered":"<p>Grupe qytetar\u00ebsh serb\u00eb dol\u00ebn t\u00eb m\u00ebrkur\u00ebn n\u00eb nj\u00eb protest\u00eb p\u00ebr t\u00eb kund\u00ebrshtuar operacionet e policis\u00eb sikurse ai i nj\u00eb dite m\u00eb par\u00eb q\u00eb \u00e7oi n\u00eb arrestimin e 19 zyrtar\u00ebve policor n\u00ebn dyshimet p\u00ebr p\u00ebrfshirje n\u00eb krim t\u00eb organizuar dhe kontraband\u00eb. Ndon\u00ebse n\u00eb mesin e t\u00eb arrestuarve ka edhe shqiptar\u00eb e boshnjak\u00eb, p\u00ebrfaq\u00ebsuesit e serb\u00ebve n\u00eb [&hellip;]<\/p>\n","protected":false},"author":2013,"featured_media":86620,"comment_status":"open","ping_status":"closed","sticky":false,"template":"","format":"standard","meta":{"footnotes":""},"categories":[241,2],"tags":[],"class_list":{"0":"post-86619","1":"post","2":"type-post","3":"status-publish","4":"format-standard","5":"has-post-thumbnail","7":"category-aktualitet","8":"category-rajoni"},"_links":{"self":[{"href":"https:\/\/zjarr.tv\/en\/wp-json\/wp\/v2\/posts\/86619","targetHints":{"allow":["GET"]}}],"collection":[{"href":"https:\/\/zjarr.tv\/en\/wp-json\/wp\/v2\/posts"}],"about":[{"href":"https:\/\/zjarr.tv\/en\/wp-json\/wp\/v2\/types\/post"}],"author":[{"embeddable":true,"href":"https:\/\/zjarr.tv\/en\/wp-json\/wp\/v2\/users\/2013"}],"replies":[{"embeddable":true,"href":"https:\/\/zjarr.tv\/en\/wp-json\/wp\/v2\/comments?post=86619"}],"version-history":[{"count":0,"href":"https:\/\/zjarr.tv\/en\/wp-json\/wp\/v2\/posts\/86619\/revisions"}],"wp:featuredmedia":[{"embeddable":true,"href":"https:\/\/zjarr.tv\/en\/wp-json\/wp\/v2\/media\/86620"}],"wp:attachment":[{"href":"https:\/\/zjarr.tv\/en\/wp-json\/wp\/v2\/media?parent=86619"}],"wp:term":[{"taxonomy":"category","embeddable":true,"href":"https:\/\/zjarr.tv\/en\/wp-json\/wp\/v2\/categories?post=86619"},{"taxonomy":"post_tag","embeddable":true,"href":"https:\/\/zjarr.tv\/en\/wp-json\/wp\/v2\/tags?post=86619"}],"curies":[{"name":"wp","href":"https:\/\/api.w.org\/{rel}","templated":true}]}}