{"id":86622,"date":"2019-05-29T18:45:48","date_gmt":"2019-05-29T16:45:48","guid":{"rendered":"https:\/\/zjarr.tv\/?p=86622"},"modified":"2019-05-29T18:45:48","modified_gmt":"2019-05-29T16:45:48","slug":"haradinaj-merr-raportin-e-ke-se-nuk-pranon-ta-heqe-taksen","status":"publish","type":"post","link":"https:\/\/zjarr.tv\/en\/haradinaj-merr-raportin-e-ke-se-nuk-pranon-ta-heqe-taksen\/","title":{"rendered":"Haradinaj merr raportin e KE-s\u00eb, nuk pranon ta heq\u00eb taks\u00ebn"},"content":{"rendered":"<p>Kyeministri Ramush Haradinaj ka pritur n\u00eb takim shefen e Zyr\u00ebs s\u00eb BE-s\u00eb, n\u00eb Kosov\u00eb, Nataliya Apostolova, nga e cila ka pranuar raportin e Komisioni Evropian p\u00ebr vitin 2019 p\u00ebr Kosov\u00ebn.<\/p>\n<p>Edhe pse Haradinajt edhe nj\u00ebher\u00eb ju k\u00ebrkua heqja e taks\u00ebs, ai pas takimit me Apostolov\u00ebn ka th\u00ebn\u00eb se n\u00ebse nuk do t\u00eb ket\u00eb marr\u00ebveshje me Serbin\u00eb, taksa nuk do t\u00eb hiqet.<\/p>\n<p><em>&#8220;S\u00eb bashku me ministren Dhurata Hoxha e pranuam raportin p\u00ebr vitin 2019. N\u00eb jav\u00ebn q\u00eb vjen kemi r\u00ebn\u00eb dakord me ministren p\u00ebr ta ftuar K\u00ebshillin Nd\u00ebrministror p\u00ebr Integrime Evropian p\u00ebr ta analizuar raportin. \u00cbsht\u00eb raport me t\u00eb nxjerra t\u00eb p\u00ebrziera, ka kritika edhe p\u00ebr taks\u00ebn. Ne mendojm\u00eb qe \u00ebsht\u00eb koha q\u00eb t\u00eb deklarohet edhe Serbia edhe Kosova n\u00ebse jemi t\u00eb gatsh\u00ebm p\u00ebr nj\u00eb marr\u00ebveshje. N\u00ebse nuk ka marr\u00ebveshje, vazhdon gjendja ekzistuese&#8221;<\/em>, ka th\u00ebn\u00eb ai.<\/p>\n<p>&nbsp;<\/p>","protected":false},"excerpt":{"rendered":"<p>Kyeministri Ramush Haradinaj ka pritur n\u00eb takim shefen e Zyr\u00ebs s\u00eb BE-s\u00eb, n\u00eb Kosov\u00eb, Nataliya Apostolova, nga e cila ka pranuar raportin e Komisioni Evropian p\u00ebr vitin 2019 p\u00ebr Kosov\u00ebn. Edhe pse Haradinajt edhe nj\u00ebher\u00eb ju k\u00ebrkua heqja e taks\u00ebs, ai pas takimit me Apostolov\u00ebn ka th\u00ebn\u00eb se n\u00ebse nuk do t\u00eb ket\u00eb marr\u00ebveshje me [&hellip;]<\/p>\n","protected":false},"author":2013,"featured_media":86623,"comment_status":"open","ping_status":"closed","sticky":false,"template":"","format":"standard","meta":{"footnotes":""},"categories":[241,2],"tags":[],"class_list":{"0":"post-86622","1":"post","2":"type-post","3":"status-publish","4":"format-standard","5":"has-post-thumbnail","7":"category-aktualitet","8":"category-rajoni"},"_links":{"self":[{"href":"https:\/\/zjarr.tv\/en\/wp-json\/wp\/v2\/posts\/86622","targetHints":{"allow":["GET"]}}],"collection":[{"href":"https:\/\/zjarr.tv\/en\/wp-json\/wp\/v2\/posts"}],"about":[{"href":"https:\/\/zjarr.tv\/en\/wp-json\/wp\/v2\/types\/post"}],"author":[{"embeddable":true,"href":"https:\/\/zjarr.tv\/en\/wp-json\/wp\/v2\/users\/2013"}],"replies":[{"embeddable":true,"href":"https:\/\/zjarr.tv\/en\/wp-json\/wp\/v2\/comments?post=86622"}],"version-history":[{"count":0,"href":"https:\/\/zjarr.tv\/en\/wp-json\/wp\/v2\/posts\/86622\/revisions"}],"wp:featuredmedia":[{"embeddable":true,"href":"https:\/\/zjarr.tv\/en\/wp-json\/wp\/v2\/media\/86623"}],"wp:attachment":[{"href":"https:\/\/zjarr.tv\/en\/wp-json\/wp\/v2\/media?parent=86622"}],"wp:term":[{"taxonomy":"category","embeddable":true,"href":"https:\/\/zjarr.tv\/en\/wp-json\/wp\/v2\/categories?post=86622"},{"taxonomy":"post_tag","embeddable":true,"href":"https:\/\/zjarr.tv\/en\/wp-json\/wp\/v2\/tags?post=86622"}],"curies":[{"name":"wp","href":"https:\/\/api.w.org\/{rel}","templated":true}]}}