{"id":86652,"date":"2019-05-30T12:21:50","date_gmt":"2019-05-30T10:21:50","guid":{"rendered":"https:\/\/zjarr.tv\/?p=86652"},"modified":"2019-05-30T12:21:50","modified_gmt":"2019-05-30T10:21:50","slug":"debate-e-batuta-myslim-murrizi-drejton-seancen-per-te-paren-here","status":"publish","type":"post","link":"https:\/\/zjarr.tv\/en\/debate-e-batuta-myslim-murrizi-drejton-seancen-per-te-paren-here\/","title":{"rendered":"Debate e batuta\/ Myslim Murrizi drejton seanc\u00ebn p\u00ebr t\u00eb par\u00ebn her\u00eb"},"content":{"rendered":"<p style=\"line-height: 24.0pt;margin: 0in 0in 22.5pt 0in\"><span style=\"color: #18191a\">Jo vet\u00ebm debate, por edhe batuta e t\u00eb qeshura ka pasur sot n\u00eb seanc\u00ebn e Kuvendit. Kur demokrati Myslim Murrizi mori drejtimin e seanc\u00ebs, pas largimit t\u00eb kryeparlamentarit Ru\u00e7i i dha fjal\u00ebn mes batutave kolegut opozitar Ralf Gjoni.<\/span><\/p>\n<p style=\"line-height: 24.0pt;text-align: start;margin: 0in 0in 22.5pt 0in\"><span style=\"color: #18191a\">Ky i fundit e falenderoi dhe vijoi t\u00eb replikonte me Ball\u00ebn. Gjoni nga foltorja e Kuvendit i k\u00ebrkoi kryetarit t\u00eb Grupit Parlamentar t\u00eb PS-s\u00eb, Taulant Ball\u00ebs t\u00eb zgjohen e t\u00eb mos merren m\u00eb me opozit\u00ebn q\u00eb \u00ebsht\u00eb n\u00eb rrug\u00eb. Sipas tij, opozita \u00ebsht\u00eb n\u00eb Kuvend dhe i takon mazhoranc\u00ebs t\u00eb \u00e7ojn\u00eb bashk\u00eb p\u00ebrpara ndryshimin e sistemit zgjedhor.<\/span><\/p>\n<p style=\"line-height: 24.0pt;margin: 0in 0in 22.5pt 0in\"><span style=\"color: #18191a\">\u201cIku ish opozita, boll u more me Pollon, na keni k\u00ebtu. Vendet u plot\u00ebsuan. Ne mor\u00ebm vendet tona, \u00e7far\u00eb prisni, hajde pra e ndryshojm\u00eb sistemin zgjedhor. Apo prisni ndonj\u00eb mesazh? Ta ndryshojm\u00eb sistemin me lista t\u00eb mbyllura. Ju po b\u00ebni vet\u00ebm inflacion fjal\u00ebsh, vijoni merreni me opozit\u00ebn n\u00eb rrug\u00eb\u201d,- tha ai.<\/span><\/p>\n<p style=\"line-height: 24.0pt;text-align: start;margin: 0in 0in 22.5pt 0in\"><span style=\"color: #18191a\">Gjoni n\u00ebnvizoi nd\u00ebr t\u00eb tjera se mazhoranca duhet t\u00eb tregoj\u00eb se ka vullnet dhe d\u00ebshir\u00eb p\u00ebr t\u2019i b\u00ebr\u00eb k\u00ebto ndryshime.<\/span><\/p>\n<p style=\"line-height: 24.0pt;text-align: start;margin: 0in 0in 22.5pt 0in\"><span style=\"color: #18191a\">\u201cZgjohuni, kemi forc\u00ebn e ndryshimeve kushtetuese k\u00ebtu. Zgjohuni t\u2019i futemi pun\u00ebs e t\u00eb ndryshojm\u00eb sistemin zgjedhor\u201d.<\/span><\/p>","protected":false},"excerpt":{"rendered":"<p>Jo vet\u00ebm debate, por edhe batuta e t\u00eb qeshura ka pasur sot n\u00eb seanc\u00ebn e Kuvendit. Kur demokrati Myslim Murrizi mori drejtimin e seanc\u00ebs, pas largimit t\u00eb kryeparlamentarit Ru\u00e7i i dha fjal\u00ebn mes batutave kolegut opozitar Ralf Gjoni. Ky i fundit e falenderoi dhe vijoi t\u00eb replikonte me Ball\u00ebn. Gjoni nga foltorja e Kuvendit i [&hellip;]<\/p>\n","protected":false},"author":4,"featured_media":86653,"comment_status":"open","ping_status":"closed","sticky":false,"template":"","format":"standard","meta":{"footnotes":""},"categories":[241,231,235],"tags":[],"class_list":{"0":"post-86652","1":"post","2":"type-post","3":"status-publish","4":"format-standard","5":"has-post-thumbnail","7":"category-aktualitet","8":"category-lajme","9":"category-vendi"},"_links":{"self":[{"href":"https:\/\/zjarr.tv\/en\/wp-json\/wp\/v2\/posts\/86652","targetHints":{"allow":["GET"]}}],"collection":[{"href":"https:\/\/zjarr.tv\/en\/wp-json\/wp\/v2\/posts"}],"about":[{"href":"https:\/\/zjarr.tv\/en\/wp-json\/wp\/v2\/types\/post"}],"author":[{"embeddable":true,"href":"https:\/\/zjarr.tv\/en\/wp-json\/wp\/v2\/users\/4"}],"replies":[{"embeddable":true,"href":"https:\/\/zjarr.tv\/en\/wp-json\/wp\/v2\/comments?post=86652"}],"version-history":[{"count":0,"href":"https:\/\/zjarr.tv\/en\/wp-json\/wp\/v2\/posts\/86652\/revisions"}],"wp:featuredmedia":[{"embeddable":true,"href":"https:\/\/zjarr.tv\/en\/wp-json\/wp\/v2\/media\/86653"}],"wp:attachment":[{"href":"https:\/\/zjarr.tv\/en\/wp-json\/wp\/v2\/media?parent=86652"}],"wp:term":[{"taxonomy":"category","embeddable":true,"href":"https:\/\/zjarr.tv\/en\/wp-json\/wp\/v2\/categories?post=86652"},{"taxonomy":"post_tag","embeddable":true,"href":"https:\/\/zjarr.tv\/en\/wp-json\/wp\/v2\/tags?post=86652"}],"curies":[{"name":"wp","href":"https:\/\/api.w.org\/{rel}","templated":true}]}}