{"id":86660,"date":"2019-05-30T12:32:40","date_gmt":"2019-05-30T10:32:40","guid":{"rendered":"https:\/\/zjarr.tv\/?p=86660"},"modified":"2019-05-30T12:32:40","modified_gmt":"2019-05-30T10:32:40","slug":"bushati-ska-kohe-per-kukafshehtasi-shqiperia-para-partise","status":"publish","type":"post","link":"https:\/\/zjarr.tv\/en\/bushati-ska-kohe-per-kukafshehtasi-shqiperia-para-partise\/","title":{"rendered":"Bushati: S\u2019ka koh\u00eb p\u00ebr kukafshehtasi, Shqip\u00ebria para partis\u00eb"},"content":{"rendered":"<p>Ish-ministri i Jasht\u00ebm, Ditmir Bushati i pranish\u00ebm sot n\u00eb Kuvend, komentoi raportin e Komsionit Europian i publikuar dje p\u00ebr hapjen e bisedimeve t\u00eb vendit ton\u00eb me BE. Bushati, n\u00eb nj\u00eb p\u00ebrgjigje p\u00ebr reagimet e opozit\u00ebs tha se nuk duhet t\u00eb hedhin \u2018gur\u00eb\u2019 ndaj vendit ton\u00eb dhe se nuk ka koh\u00eb p\u00ebr loj\u00ebra.<\/p>\n<p>\u201cKjo nuk \u00ebsht\u00eb nj\u00eb dhurat\u00eb e KE p\u00ebr Qeverin\u00eb. Raporti \u00ebsht\u00eb nj\u00eb pasqyr\u00eb e progresit t\u00eb reformave. Sidomos, reformave t\u00eb s\u00eb drejt\u00ebs, reformave n\u00eb fush\u00ebn e zhvillimit social pavar\u00ebsisht se e mbajn\u00eb larg vendit standarteve euorpiane. Ky raporton konfirmon edhe rolin e Shqip\u00ebris\u00eb n\u00eb rajon. Nuk \u00ebsht\u00eb rast\u00ebsi q\u00eb Raporti specifikon se vendi lind\u00ebzon n\u00eb fush\u00ebn e siguris\u00eb dhe mbrojtjes. Kjo \u00ebsht\u00eb d\u00ebshmia m\u00eb e qart\u00eb e vokacionit europian dhe euroatlantik t\u00eb Shqip\u00ebris\u00eb.<\/p>\n<p>E pra, raporti ofron nj\u00eb pasqyr\u00eb t\u00eb qart\u00eb t\u00eb t\u00eb gjitha arritjeve. \u00cbsht\u00eb edhe nj\u00eb pasqyr\u00eb q\u00eb ne mos t\u00eb bijm\u00eb n\u00eb gabimet e s\u00eb shkuar\u00ebs. U ndjeva i trishtuar p\u00ebr reagimet e opozit\u00ebs. Ishin kultur\u00eb e d\u00ebshp\u00ebrimit. Kam qen\u00eb nj\u00eb minist\u00ebr i Jasht\u00ebm dhe kam patur p\u00ebrball\u00eb koleg\u00eb t\u00eb tjer\u00eb t\u00eb opozit\u00ebs. Po k\u00ebshtu vjet, kemi b\u00ebr\u00eb nj\u00eb debat t\u00eb madh me opozit\u00ebn. Dhe p\u00ebr fat t\u00eb keq, harrojn\u00eb se para partive politike, para interesit partiak, Shqip\u00ebria \u00ebsht\u00eb atdheu jon\u00eb. Por, p\u00ebrgjegj\u00ebsia \u00ebsht\u00eb e p\u00ebrbashk\u00ebt e atyre, e neve, qoft\u00eb opozita parlamentare, qoft\u00eb opozitare. Merita \u00ebsht\u00eb e shqiptar\u00ebve. \u00cbsht\u00eb kjo arsyeja pse n\u00eb Raportin europian evidentohen disa mang\u00ebsi q\u00eb nuk mund t\u2019i plot\u00ebsoj\u00eb mazhoranca. \u00c7\u00ebshtja e tret\u00eb q\u00eb un\u00eb kisha d\u00ebshir\u00eb t\u00eb shtroja s\u00eb bashku me ju, \u00ebsht\u00eb \u00e7\u00ebshtja e heshtuar q\u00eb duan t\u00eb shtrojn\u00eb qytetar\u00ebt e vendit. Prandaj, gjithmon\u00eb e kam quajtur q\u00eb ky \u00ebsht\u00eb \u00e7el\u00ebsi i modernizimit t\u00eb shqiptar\u00ebve. \u00cbsht\u00eb koha p\u00ebr nj\u00eb mir\u00ebkuptim m\u00eb t\u00eb madh politik. ne ende nuk kemi nisur procesin e negocimit p\u00ebr an\u00ebtar\u00ebsim. Prandaj nuk duhet t\u2019i biejm\u00eb me gur\u00eb se n\u00eb fund t\u00eb dit\u00ebs, penalizojm\u00eb Shqip\u00ebrin\u00eb. Sot k\u00ebrkon nj\u00eb Shqip\u00ebri q\u00eb bazohet te ekonomia e dijes, sot shqiptar\u00ebt k\u00ebrkojn\u00eb nj\u00eb kapitaliz\u00ebm progresiv q\u00eb i krijon mund\u00ebsi t\u00eb gjith\u00eb. Kjo \u00ebsht\u00eb arsyeja pse 90 % e shqiptar\u00ebve k\u00ebrkojn\u00eb Bashkimin Europian. Kjo \u00ebsht\u00eb arsyeja pse ne socialist\u00ebt e shtrijm\u00eb dor\u00ebn p\u00ebr t\u00eb kap\u00ebrcyer \u00e7do ndasi politike.\u201d- u shpreh Bushati.<\/p>\n<h2><\/h2>","protected":false},"excerpt":{"rendered":"<p>Ish-ministri i Jasht\u00ebm, Ditmir Bushati i pranish\u00ebm sot n\u00eb Kuvend, komentoi raportin e Komsionit Europian i publikuar dje p\u00ebr hapjen e bisedimeve t\u00eb vendit ton\u00eb me BE. Bushati, n\u00eb nj\u00eb p\u00ebrgjigje p\u00ebr reagimet e opozit\u00ebs tha se nuk duhet t\u00eb hedhin \u2018gur\u00eb\u2019 ndaj vendit ton\u00eb dhe se nuk ka koh\u00eb p\u00ebr loj\u00ebra. \u201cKjo nuk \u00ebsht\u00eb [&hellip;]<\/p>\n","protected":false},"author":4,"featured_media":0,"comment_status":"open","ping_status":"closed","sticky":false,"template":"","format":"standard","meta":{"footnotes":""},"categories":[241,231,235],"tags":[],"class_list":{"0":"post-86660","1":"post","2":"type-post","3":"status-publish","4":"format-standard","6":"category-aktualitet","7":"category-lajme","8":"category-vendi"},"_links":{"self":[{"href":"https:\/\/zjarr.tv\/en\/wp-json\/wp\/v2\/posts\/86660","targetHints":{"allow":["GET"]}}],"collection":[{"href":"https:\/\/zjarr.tv\/en\/wp-json\/wp\/v2\/posts"}],"about":[{"href":"https:\/\/zjarr.tv\/en\/wp-json\/wp\/v2\/types\/post"}],"author":[{"embeddable":true,"href":"https:\/\/zjarr.tv\/en\/wp-json\/wp\/v2\/users\/4"}],"replies":[{"embeddable":true,"href":"https:\/\/zjarr.tv\/en\/wp-json\/wp\/v2\/comments?post=86660"}],"version-history":[{"count":0,"href":"https:\/\/zjarr.tv\/en\/wp-json\/wp\/v2\/posts\/86660\/revisions"}],"wp:attachment":[{"href":"https:\/\/zjarr.tv\/en\/wp-json\/wp\/v2\/media?parent=86660"}],"wp:term":[{"taxonomy":"category","embeddable":true,"href":"https:\/\/zjarr.tv\/en\/wp-json\/wp\/v2\/categories?post=86660"},{"taxonomy":"post_tag","embeddable":true,"href":"https:\/\/zjarr.tv\/en\/wp-json\/wp\/v2\/tags?post=86660"}],"curies":[{"name":"wp","href":"https:\/\/api.w.org\/{rel}","templated":true}]}}