{"id":86662,"date":"2019-05-30T13:31:38","date_gmt":"2019-05-30T11:31:38","guid":{"rendered":"https:\/\/zjarr.tv\/?p=86662"},"modified":"2019-05-30T13:31:38","modified_gmt":"2019-05-30T11:31:38","slug":"cakaj-pa-date-per-negociatat-fajeson-opoziten-dhe-porosit-bashen-te-mos-parashikoje-te-ardhmen","status":"publish","type":"post","link":"https:\/\/zjarr.tv\/en\/cakaj-pa-date-per-negociatat-fajeson-opoziten-dhe-porosit-bashen-te-mos-parashikoje-te-ardhmen\/","title":{"rendered":"Cakaj pa dat\u00eb p\u00ebr negociatat, faj\u00ebson opozit\u00ebn dhe porosit Bash\u00ebn t\u00eb mos parashikoj\u00eb t\u00eb ardhmen"},"content":{"rendered":"<p style=\"background: white;margin: 0in 0in 7.5pt 0in\"><span style=\"font-size: 14.0pt;color: #333333\">Ministri i Pun\u00ebve t\u00eb Jashtme n\u00eb detyr\u00eb, Gent Cakaj, n\u00eb nj\u00eb deklarat\u00eb p\u00ebr p\u00ebr mediat nj\u00eb dit\u00eb pas rekomandimit t\u00eb Komisionit Europian p\u00ebr hapjen e negociatave pa kushte, tha se Shqip\u00ebria ka plot\u00ebsuar t\u00eb gjitha detyrimet dhe ishte nj\u00eb vler\u00ebsim i merituar.<\/span><\/p>\n<p style=\"background: white;text-align: start;margin: 0in 0in 7.5pt 0in\"><span style=\"font-size: 14.0pt;color: #333333\">E nd\u00ebrsa vendimarrja tashm\u00eb i kalon K\u00ebshillit Europian, Cakaj tha se qeveria do t\u00eb nis\u00eb dialogun intensiv me vendet an\u00ebtare q\u00eb vendit ti hapen negociatat n\u00eb qershor.<\/span><\/p>\n<p style=\"background: white;margin: 0in 0in 7.5pt 0in\"><span style=\"font-size: 14.0pt;color: #333333\">\u00a0<\/span><strong><i><span style=\"font-size: 14.0pt;color: #333333\">Gent Cakaj:<\/span><\/i><\/strong><em><span style=\"font-size: 14.0pt;color: #333333\">\u00a0Nga sot e tutje, qeveria do t\u00eb vazhdoj\u00eb n\u00eb m\u00ebnyr\u00eb intensive \u00a0dialogun politik me vendet an\u00ebtare p\u00ebr t\u00eb b\u00ebr\u00eb realitet at\u00eb q\u00eb \u00ebsht\u00eb aspirat\u00eb historike, p\u00ebr ti mund\u00ebsuar vendit hapjen e negociatave p\u00ebr an\u00ebtar\u00ebsim. \u00cbsht\u00eb interes i dyansh\u00ebm q\u00eb Shqip\u00ebria t\u00eb filloj\u00eb menj\u00ebher\u00eb n\u00eb qershor hapjen e negociatave p\u00ebr an\u00ebtar\u00ebsim. Jet\u00ebsimi i k\u00ebtij ideali t\u00eb lart\u00eb k\u00ebrkon angazhimin e p\u00ebrulur t\u00eb secilit.<\/span><\/em><\/p>\n<p style=\"background: white;text-align: start;margin: 0in 0in 7.5pt 0in\"><span style=\"font-size: 14.0pt;color: #333333\">Nisur nga precedenti i nj\u00eb viti m\u00eb par\u00eb, Cakaj tha se qeveria nuk merr p\u00ebrgjegj\u00ebsi t\u00eb jap\u00eb dat\u00eb p\u00ebr hapjen e negociatave.<\/span><\/p>\n<p style=\"background: white;text-align: start;margin: 0in 0in 7.5pt 0in\"><em><b><span style=\"font-size: 14.0pt;color: #333333\">Cakaj:\u00a0<\/span><\/b><\/em><em><span style=\"font-size: 14.0pt;color: #333333\">Ka ekzistuar nj\u00eb q\u00ebndrim i p\u00ebrgjithsh\u00ebm q\u00eb BE duhet t\u00eb konsolidohet nj\u00ebher\u00eb nga brenda para se t\u00eb jet\u00eb i gatsh\u00ebm t\u00eb zgjerohet nga jasht\u00eb. Marr\u00eb k\u00ebt\u00eb mesim nga viti i kaluar se ekzistojn\u00eb raste kur gjykimet politike mund t\u00eb mbizot\u00ebrojn\u00eb mbi konsideratat teknike, un\u00eb p\u00ebr t\u00eb qen\u00eb korrekt me ju dhe kjo qeveri p\u00ebr t\u00eb qen\u00eb korrekt me secilin qytetar nuk e merr p\u00ebrgjegj\u00ebsin\u00eb p\u00ebr tu dh\u00ebn\u00eb premtimin final se negociatat do t\u00eb hapen n\u00eb k\u00ebt\u00eb dat\u00eb apo at\u00eb dat\u00eb.\u00a0<\/span><\/em><\/p>\n<p style=\"background: white;text-align: start;margin: 0in 0in 7.5pt 0in\"><em><span style=\"font-size: 14.0pt;color: #333333\">Ne marrim p\u00ebrgjegj\u00ebsin\u00eb dhe japim garancin\u00eb se angazhimi jon\u00eb n\u00eb rrug\u00ebn europiane \u00ebsht\u00eb i patjer\u00ebsuesh\u00ebm dhe i pakthyesh\u00ebm dhe reformat tona n\u00eb at\u00eb drejtim vet\u00ebm sa do t\u00eb thellohen. Sinjalet vin\u00eb t\u00eb ndryshme nga vendet europiane por asgj\u00eb nuk \u00ebsht\u00eb p\u00ebrfundimtare. P\u00ebrcaktimin e axhend\u00ebs s\u00eb K\u00ebshillit nuk e ka n\u00eb dor\u00eb qeveria, vendimin p\u00ebr hapjen e negociatave nuk e merr Shqip\u00ebria, por qeveria do t\u00eb punoj\u00eb p\u00ebr t\u00eb bindur vendet an\u00ebtare se tani \u00ebsht\u00eb koha, si\u00e7 na \u00ebsht\u00eb premtuar, n\u00eb qershor p\u00ebr hapjen e negociatave p\u00ebr an\u00ebtar\u00ebsim.<\/span><\/em><\/p>\n<p style=\"background: white;text-align: start;margin: 0in 0in 7.5pt 0in\"><span style=\"font-size: 14.0pt;color: #333333\">I pyetur n\u00ebse kriza politike mund t\u00eb ndikoj\u00eb negativisht n\u00eb vendimin e K\u00ebshillit t\u00eb Ministrave n\u00eb qershor, ai pati k\u00ebt\u00eb p\u00ebrgjigje:<\/span><\/p>\n<p style=\"background: white;text-align: start;margin: 0in 0in 7.5pt 0in\"><em><b><span style=\"font-size: 14.0pt;color: #333333\">Gent Cakaj:\u00a0<\/span><\/b><\/em><em><span style=\"font-size: 14.0pt;color: #333333\">Komisioni konstaton se parlamenti \u00ebsht\u00eb funksional dhe \u00ebsht\u00eb i gatsh\u00ebm me kapacitete t\u00eb plota p\u00ebr t\u00eb kryer funksionet e tij. Raporti ka dhe nj\u00eb mesazh p\u00ebr opozit\u00ebn. Raporti thot\u00eb se opozita duhet t\u00eb rip\u00ebrfshihet n\u00eb institucionet demokratike, aktualisht ka pushuar s\u00eb qenuri demokratike dhe ka pushuar s\u00eb vepruari n\u00eb kuad\u00ebr t\u00eb kornizave institucionale demokratike.<\/span><\/em><\/p>\n<p style=\"background: white;text-align: start;margin: 0in 0in 7.5pt 0in\"><em><span style=\"font-size: 14.0pt;color: #333333\">KE thot\u00eb se duhet t\u00eb tejkalohet polarizimi politik n\u00eb sh\u00ebrbim t\u00eb interesit madhor europian dhe \u00ebsht\u00eb fare e qart\u00eb se kush ka marr\u00eb angazhimin p\u00ebr pun\u00ebn p\u00ebr t\u00eb ecur p\u00ebrpara n\u00eb axhend\u00ebn europiane dhe kush ka marr\u00eb veprime p\u00ebr t\u00eb c\u00ebnuar nivelin e reformave, imazhin nd\u00ebrkomb\u00ebtar dhe gjasat e hapjes s\u00eb negociatave.N\u00ebse shtetet an\u00ebtare do ta p\u00ebrdorin si alibi sjelljen e opozit\u00ebs p\u00ebr mos hapjen e negociatave kjo \u00ebsht\u00eb \u00e7\u00ebshtje tjet\u00ebr, por nuk na dekurajon ne nga angazhimi i plot\u00eb n\u00eb drejtim t\u00eb hapjes s\u00eb negociatave.<\/span><\/em><\/p>\n<p style=\"background: white;text-align: start;margin: 0in 0in 7.5pt 0in\"><em><span style=\"font-size: 14.0pt;color: #333333\">KE ka th\u00ebn\u00eb qart\u00eb se reforma elektorale dhe gjasa e unifikimit politik n\u00eb Shqip\u00ebri \u00ebsht\u00eb c\u00ebnuar p\u00ebrkund\u00ebr p\u00ebrpjekjeve t\u00eb qeveris\u00eb nga sjellja e opozit\u00ebs. Raporti d\u00ebshmon se t\u00eb gjitha kriteret teknike jan\u00eb p\u00ebrmbushur nga qeveria dhe p\u00ebrmbajtja e raportit e b\u00ebn p\u00ebrgjegj\u00ebse opozit\u00ebn p\u00ebr sjelljen jo demokratike, shkall\u00ebn e zbatimit t\u00eb reform\u00ebs elektorale dhe mund\u00ebsin\u00eb q\u00eb Shqip\u00ebria t\u00eb konsolidoj\u00eb sistemin elektoral n\u00eb p\u00ebrgjith\u00ebsi dhe c\u00ebnimin e konsensusit t\u00eb gjer\u00eb shoq\u00ebror proeuropian q\u00eb Shqip\u00ebria ka nevoj\u00eb aktualisht. Ne do t\u00eb vazhdojm\u00eb p\u00ebrpara sepse axhenda pozitive e Shqip\u00ebris\u00eb nuk mund t\u00eb c\u00ebnohet nga askush.<\/span><\/em><\/p>\n<p style=\"background: white;text-align: start;margin: 0in 0in 7.5pt 0in\"><span style=\"font-size: 14.0pt;color: #333333\">Lidhur me deklarat\u00ebn e nj\u00eb dite m\u00eb par\u00eb t\u00eb Bash\u00ebs se Shqip\u00ebris\u00eb nuk do ti hapen negociatat p\u00ebrkund\u00ebr rekomandimit pozitiv sepse shtetet an\u00ebtare kan\u00eb raporte nga agjencit\u00eb e tyre inteligjente, Cakaj tha se nuk mund t\u00eb parashikoj\u00eb t\u00eb ardhmen sikund\u00ebr edhe shefi i opozit\u00ebs duhet t\u00eb heq\u00eb dor\u00eb nga kjo praktik\u00eb.<\/span><\/p>\n<p style=\"background: white;text-align: start;margin: 0in 0in 7.5pt 0in\"><strong><i><span style=\"font-size: 14.0pt;color: #333333\">Gent Cakaj:<\/span><\/i><\/strong><em><span style=\"font-size: 14.0pt;color: #333333\">\u00a0Shqip\u00ebria \u00ebsht\u00eb i vetmi vend n\u00eb rajon q\u00eb ka goditur loj\u00ebrat e fatit, mekaniz\u00ebm i sofistikuar i pastrimit t\u00eb parave. Gjith\u00ebkush \u00ebsht\u00eb mir\u00eb t\u00eb largohet nga p\u00ebrpjekja p\u00ebr t\u00eb parashikuar zhvillimet e ardhshme. Un\u00eb nuk mund t\u00eb parashikoj sikur kryetari i opozit\u00ebs n\u00ebse negociatat do t\u00eb hapen ose jo, un\u00eb veproj bazuar n\u00eb dokumentet zyrtare dhe komunikimet e rregullat me partner\u00ebt europian\u00eb. Europa e ka dh\u00ebn\u00eb p\u00ebrgjigjen p\u00ebr sjelljen anti-institucionale t\u00eb opozit\u00ebs. Un\u00eb nuk kam akses n\u00eb raportet inteligjente t\u00eb vendeve t\u00eb tjera. N\u00eb vend t\u00eb teorive t\u00eb konspiracionit duhet ti kthehemi raportit t\u00eb Komisionit Europian, q\u00eb thot\u00eb Shqip\u00ebria meriton hapjen e negociatave.\u00cbsht\u00eb koha q\u00eb ata q\u00eb kan\u00eb parashikuar fatin t\u00eb lirohen nga kjo shprehi se loj\u00ebrat e fatit nuk jan\u00eb prakltik\u00eb e gjer\u00eb n\u00eb Shqip\u00ebri tutje.<\/span><\/em><\/p>","protected":false},"excerpt":{"rendered":"<p>Ministri i Pun\u00ebve t\u00eb Jashtme n\u00eb detyr\u00eb, Gent Cakaj, n\u00eb nj\u00eb deklarat\u00eb p\u00ebr p\u00ebr mediat nj\u00eb dit\u00eb pas rekomandimit t\u00eb Komisionit Europian p\u00ebr hapjen e negociatave pa kushte, tha se Shqip\u00ebria ka plot\u00ebsuar t\u00eb gjitha detyrimet dhe ishte nj\u00eb vler\u00ebsim i merituar. E nd\u00ebrsa vendimarrja tashm\u00eb i kalon K\u00ebshillit Europian, Cakaj tha se qeveria do [&hellip;]<\/p>\n","protected":false},"author":4,"featured_media":60045,"comment_status":"open","ping_status":"closed","sticky":false,"template":"","format":"standard","meta":{"footnotes":""},"categories":[241,231,235],"tags":[],"class_list":{"0":"post-86662","1":"post","2":"type-post","3":"status-publish","4":"format-standard","5":"has-post-thumbnail","7":"category-aktualitet","8":"category-lajme","9":"category-vendi"},"_links":{"self":[{"href":"https:\/\/zjarr.tv\/en\/wp-json\/wp\/v2\/posts\/86662","targetHints":{"allow":["GET"]}}],"collection":[{"href":"https:\/\/zjarr.tv\/en\/wp-json\/wp\/v2\/posts"}],"about":[{"href":"https:\/\/zjarr.tv\/en\/wp-json\/wp\/v2\/types\/post"}],"author":[{"embeddable":true,"href":"https:\/\/zjarr.tv\/en\/wp-json\/wp\/v2\/users\/4"}],"replies":[{"embeddable":true,"href":"https:\/\/zjarr.tv\/en\/wp-json\/wp\/v2\/comments?post=86662"}],"version-history":[{"count":0,"href":"https:\/\/zjarr.tv\/en\/wp-json\/wp\/v2\/posts\/86662\/revisions"}],"wp:featuredmedia":[{"embeddable":true,"href":"https:\/\/zjarr.tv\/en\/wp-json\/wp\/v2\/media\/60045"}],"wp:attachment":[{"href":"https:\/\/zjarr.tv\/en\/wp-json\/wp\/v2\/media?parent=86662"}],"wp:term":[{"taxonomy":"category","embeddable":true,"href":"https:\/\/zjarr.tv\/en\/wp-json\/wp\/v2\/categories?post=86662"},{"taxonomy":"post_tag","embeddable":true,"href":"https:\/\/zjarr.tv\/en\/wp-json\/wp\/v2\/tags?post=86662"}],"curies":[{"name":"wp","href":"https:\/\/api.w.org\/{rel}","templated":true}]}}