{"id":86664,"date":"2019-05-30T13:33:52","date_gmt":"2019-05-30T11:33:52","guid":{"rendered":"https:\/\/zjarr.tv\/?p=86664"},"modified":"2019-05-30T13:33:52","modified_gmt":"2019-05-30T11:33:52","slug":"hajdari-i-ankohet-per-opoziten-jashte-rama-eshte-puna-juaj-secili-ka-kusurin-e-vet","status":"publish","type":"post","link":"https:\/\/zjarr.tv\/en\/hajdari-i-ankohet-per-opoziten-jashte-rama-eshte-puna-juaj-secili-ka-kusurin-e-vet\/","title":{"rendered":"Hajdari i &#8220;ankohet&#8221; p\u00ebr opozit\u00ebn jasht\u00eb, Rama: \u00cbsht\u00eb puna juaj, secili ka kusurin e vet"},"content":{"rendered":"<p>Si n\u00eb \u00e7do seanc\u00eb tjet\u00ebr, edhe k\u00ebt\u00eb t\u00eb enjte nuk mungoi p\u00ebrballja e deputetes Rudina Hajdari me kryeministrin Rama.<\/p>\n<p>Deputetja nuk ra dakord me arritjet e Shqip\u00ebris\u00eb \u00a0q\u00eb num\u00ebroi para Kuvendit kryeministri, nd\u00ebrsa iu &#8220;ankua&#8221; Kryeministrit se opozita jasht\u00eb e akuzon si pal\u00eb me t\u00eb.<\/p>\n<p>Rama e ngush\u00eblloi me faktin se nuk \u00ebsht\u00eb e vetmja por q\u00eb nuk mund ti ankohet askujt sepse \u00ebsht\u00eb zgjedhja e saj.<\/p>\n<p><strong><em>Hajdari:<\/em><\/strong><em>\u00a0Nuk kemi sh\u00ebndet\u00ebsi falas, sh\u00ebndet\u00ebsi e d\u00ebshtuar. Ju flisni p\u00ebr rrug\u00eb por nuk keni b\u00ebr\u00eb asnj\u00eb rrug\u00eb t\u00eb re, m\u00eb num\u00ebroni nj\u00eb rrug\u00eb. Ju keni v\u00ebn\u00eb traun.P\u00ebr far\u00eb suksesi flisni?Flisni p\u00ebr integrim nd\u00ebrkoh\u00eb q\u00eb ka fshatra q\u00eb k\u00ebrkojn\u00eb akoma tre gj\u00ebra elementare: Drita, uj\u00eb dhe buk\u00eb. \u00cbsht\u00eb e v\u00ebrtet\u00eb q\u00eb q\u00ebndroj n\u00eb k\u00ebt\u00eb parlament por \u00e7far\u00eb kusuri kam un\u00eb q\u00eb opozita jasht\u00eb parlamentare t\u00eb m\u00eb akuzoj\u00eb se jam pal\u00eb me ju? Pse nuk mund t\u00eb kem bindjet e mia p\u00ebr k\u00ebt\u00eb vend?<\/em><\/p>\n<p><em><strong>Rama:\u00a0<\/strong>P\u00ebr fat t\u00eb keq politika n\u00eb k\u00ebt\u00eb vend \u00ebsht\u00eb ende larg s\u00eb qenuri arti i t\u00eb marrurit vesh. Sa i takon kusurit tuaj q\u00eb ju thon\u00eb gj\u00ebra q\u00eb nuk doni ti d\u00ebgjoni, m\u00eb besoni se nuk jeni vet\u00ebm.T\u00eb gjith\u00ebve na thon\u00eb gj\u00ebra q\u00eb nuk do t\u00eb donim ti d\u00ebgjojm\u00eb p\u00ebr veten ton\u00eb por \u00ebsht\u00eb pjes\u00eb e zgjedhjes q\u00eb b\u00ebjm\u00eb. Ju keni b\u00ebr\u00eb zgjedhjen tuaj, \u00ebsht\u00eb e drejta dhe punua juaj, nuk mund ti ankoheni askujt sepse at\u00eb kusur e keni p\u00ebr vete si\u00e7 secili ka p\u00ebr vete kusurin e vet. Si\u00e7 do t\u00eb thoshte Kujtim Gjuzi, \u00e7do kush mban kryqin e vet. Sa i takon retorik\u00ebs, nuk \u00ebsht\u00eb fjal\u00eb e keqe retorika. Retorika \u00ebsht\u00eb art m\u00eb vete. Demagogjia \u00ebsht\u00eb fjal\u00eb e keqe.<\/em><\/p>","protected":false},"excerpt":{"rendered":"<p>Si n\u00eb \u00e7do seanc\u00eb tjet\u00ebr, edhe k\u00ebt\u00eb t\u00eb enjte nuk mungoi p\u00ebrballja e deputetes Rudina Hajdari me kryeministrin Rama. Deputetja nuk ra dakord me arritjet e Shqip\u00ebris\u00eb \u00a0q\u00eb num\u00ebroi para Kuvendit kryeministri, nd\u00ebrsa iu &#8220;ankua&#8221; Kryeministrit se opozita jasht\u00eb e akuzon si pal\u00eb me t\u00eb. Rama e ngush\u00eblloi me faktin se nuk \u00ebsht\u00eb e vetmja [&hellip;]<\/p>\n","protected":false},"author":4,"featured_media":86665,"comment_status":"open","ping_status":"closed","sticky":false,"template":"","format":"standard","meta":{"footnotes":""},"categories":[241,231,235],"tags":[],"class_list":{"0":"post-86664","1":"post","2":"type-post","3":"status-publish","4":"format-standard","5":"has-post-thumbnail","7":"category-aktualitet","8":"category-lajme","9":"category-vendi"},"_links":{"self":[{"href":"https:\/\/zjarr.tv\/en\/wp-json\/wp\/v2\/posts\/86664","targetHints":{"allow":["GET"]}}],"collection":[{"href":"https:\/\/zjarr.tv\/en\/wp-json\/wp\/v2\/posts"}],"about":[{"href":"https:\/\/zjarr.tv\/en\/wp-json\/wp\/v2\/types\/post"}],"author":[{"embeddable":true,"href":"https:\/\/zjarr.tv\/en\/wp-json\/wp\/v2\/users\/4"}],"replies":[{"embeddable":true,"href":"https:\/\/zjarr.tv\/en\/wp-json\/wp\/v2\/comments?post=86664"}],"version-history":[{"count":0,"href":"https:\/\/zjarr.tv\/en\/wp-json\/wp\/v2\/posts\/86664\/revisions"}],"wp:featuredmedia":[{"embeddable":true,"href":"https:\/\/zjarr.tv\/en\/wp-json\/wp\/v2\/media\/86665"}],"wp:attachment":[{"href":"https:\/\/zjarr.tv\/en\/wp-json\/wp\/v2\/media?parent=86664"}],"wp:term":[{"taxonomy":"category","embeddable":true,"href":"https:\/\/zjarr.tv\/en\/wp-json\/wp\/v2\/categories?post=86664"},{"taxonomy":"post_tag","embeddable":true,"href":"https:\/\/zjarr.tv\/en\/wp-json\/wp\/v2\/tags?post=86664"}],"curies":[{"name":"wp","href":"https:\/\/api.w.org\/{rel}","templated":true}]}}