{"id":86667,"date":"2019-05-30T13:36:14","date_gmt":"2019-05-30T11:36:14","guid":{"rendered":"https:\/\/zjarr.tv\/?p=86667"},"modified":"2019-05-30T13:36:14","modified_gmt":"2019-05-30T11:36:14","slug":"gjuzi-e-nderpret-rama-lartmadheni-trego-edukaten-monarkike","status":"publish","type":"post","link":"https:\/\/zjarr.tv\/en\/gjuzi-e-nderpret-rama-lartmadheni-trego-edukaten-monarkike\/","title":{"rendered":"Gjuzi e nd\u00ebrpret, Rama: Lartmadh\u00ebni, trego edukat\u00ebn monarkike"},"content":{"rendered":"<p>Gjat\u00eb fjal\u00ebs s\u00eb mbajtur n\u00eb seanc\u00ebn e sotme parlamentare, kryeqeveritari Rama theksoi se data e zgjedhjeve \u00ebsht\u00eb e pandryshueshme.<\/p>\n<p>Por nd\u00ebrsa Rama vijonte fjal\u00ebn e tij, nga vendi ka nd\u00ebrhyr\u00eb deputeti Kujtim Gjuzi. Si kund\u00ebrp\u00ebrgjigjie Rama e quajti deputetin \u201clartmdh\u00ebni\u201d.<\/p>\n<p><em>\u201cLartmadh\u00ebnia e tij, Kujtim Gjuzi i Par\u00eb\u2026Mos m\u00eb nd\u00ebrprit dhe reflekto edukat\u00ebn monarkike q\u00eb \u00ebsht\u00eb shprehja m\u00eb e lart\u00eb e kultur\u00ebs s\u00eb njeriut p\u00ebr t\u00eb respektuar njeriun. Megjithat\u00eb progresi i madh \u00ebsht\u00eb b\u00ebr\u00eb, \u00a0nga Flamuri pa shkop, te Gjuzi i Par\u00eb jeni n\u00eb progres\u201d,<\/em>\u00a0tha Rama.<\/p>\n<p>Rama e ka p\u00ebrq\u00ebndruar diskutimin e tij n\u00eb foltore tek raporti i Komisionit Europian. Kreu i qeveris\u00eb e konideron raportin nj\u00eb pasqyr\u00eb ku shihen qart\u00eb ato q\u00eb ai i quan shtremb\u00ebrime t\u00eb opozit\u00ebs.<\/p>\n<p><em>\u201cKonkluzioni \u00ebsht\u00eb i nj\u00ebjt\u00eb me nj\u00eb vit m\u00eb par\u00eb, por raporti nuk \u00ebsht\u00eb i nj\u00ebjti. N\u00eb faqet e tij konstatohet se nga viti i shkuar deri m\u00eb sot, Shqip\u00ebria ka b\u00ebr\u00eb progres n\u00eb rrug\u00ebn drejt BE. Nga ana tjet\u00ebr \u00ebsht\u00eb nj\u00eb pasqyr\u00eb ku pa v\u00ebsht\u00ebris\u00ebsi mund t\u00eb shihen t\u00eb gjitha shtremb\u00ebrimit e opozit\u00ebs rrugore, p\u00ebr t\u00eb krijuar n\u00eb syt\u00eb e opinionit dhe miqve apo aprtner\u00ebve q\u00eb kan\u00eb vullnet t\u00eb d\u00ebgjojn\u00eb koleg\u00ebt e ikur n\u00eb drejtim t\u00eb paditur, pamjen e nj\u00eb Shqip\u00ebrie tjet\u00ebr.<\/em><\/p>\n<p><em>Ne nuk pretendojm\u00eb se Shqip\u00ebria i ka tejkaluar t\u00eb gjitha problemet e ka arritur objektivin fundor. Objektivi lidhet me q\u00ebllimin e madh t\u00eb an\u00ebtar\u00ebsimit n\u00eb BE dhe me ballafaqimin mes realitetit dhe momentit p\u00ebr an\u00ebtar\u00ebsim\u201d<\/em>, tha Rama.<\/p>","protected":false},"excerpt":{"rendered":"<p>Gjat\u00eb fjal\u00ebs s\u00eb mbajtur n\u00eb seanc\u00ebn e sotme parlamentare, kryeqeveritari Rama theksoi se data e zgjedhjeve \u00ebsht\u00eb e pandryshueshme. Por nd\u00ebrsa Rama vijonte fjal\u00ebn e tij, nga vendi ka nd\u00ebrhyr\u00eb deputeti Kujtim Gjuzi. Si kund\u00ebrp\u00ebrgjigjie Rama e quajti deputetin \u201clartmdh\u00ebni\u201d. \u201cLartmadh\u00ebnia e tij, Kujtim Gjuzi i Par\u00eb\u2026Mos m\u00eb nd\u00ebrprit dhe reflekto edukat\u00ebn monarkike q\u00eb \u00ebsht\u00eb [&hellip;]<\/p>\n","protected":false},"author":4,"featured_media":86668,"comment_status":"open","ping_status":"closed","sticky":false,"template":"","format":"standard","meta":{"footnotes":""},"categories":[241,231,235],"tags":[],"class_list":{"0":"post-86667","1":"post","2":"type-post","3":"status-publish","4":"format-standard","5":"has-post-thumbnail","7":"category-aktualitet","8":"category-lajme","9":"category-vendi"},"_links":{"self":[{"href":"https:\/\/zjarr.tv\/en\/wp-json\/wp\/v2\/posts\/86667","targetHints":{"allow":["GET"]}}],"collection":[{"href":"https:\/\/zjarr.tv\/en\/wp-json\/wp\/v2\/posts"}],"about":[{"href":"https:\/\/zjarr.tv\/en\/wp-json\/wp\/v2\/types\/post"}],"author":[{"embeddable":true,"href":"https:\/\/zjarr.tv\/en\/wp-json\/wp\/v2\/users\/4"}],"replies":[{"embeddable":true,"href":"https:\/\/zjarr.tv\/en\/wp-json\/wp\/v2\/comments?post=86667"}],"version-history":[{"count":0,"href":"https:\/\/zjarr.tv\/en\/wp-json\/wp\/v2\/posts\/86667\/revisions"}],"wp:featuredmedia":[{"embeddable":true,"href":"https:\/\/zjarr.tv\/en\/wp-json\/wp\/v2\/media\/86668"}],"wp:attachment":[{"href":"https:\/\/zjarr.tv\/en\/wp-json\/wp\/v2\/media?parent=86667"}],"wp:term":[{"taxonomy":"category","embeddable":true,"href":"https:\/\/zjarr.tv\/en\/wp-json\/wp\/v2\/categories?post=86667"},{"taxonomy":"post_tag","embeddable":true,"href":"https:\/\/zjarr.tv\/en\/wp-json\/wp\/v2\/tags?post=86667"}],"curies":[{"name":"wp","href":"https:\/\/api.w.org\/{rel}","templated":true}]}}