{"id":86676,"date":"2019-05-30T14:15:26","date_gmt":"2019-05-30T12:15:26","guid":{"rendered":"https:\/\/zjarr.tv\/?p=86676"},"modified":"2019-05-30T14:15:26","modified_gmt":"2019-05-30T12:15:26","slug":"punimet-ne-rrjet-zonat-qe-do-mbeten-pa-energji-elektrike","status":"publish","type":"post","link":"https:\/\/zjarr.tv\/en\/punimet-ne-rrjet-zonat-qe-do-mbeten-pa-energji-elektrike\/","title":{"rendered":"Punimet n\u00eb rrjet, zonat q\u00eb do mbeten pa energji elektrike"},"content":{"rendered":"<p>OSHEE njofton nd\u00ebrprerje t\u00eb energjis\u00eb elektrike n\u00eb disa zona t\u00eb Tiran\u00ebs, si shkak i punimeve n\u00eb rrjet.<\/p>\n<p>P\u00ebrmes nj\u00eb njoftimi zyrtar, OSHEE shkruan\u00a0 se zonat\u00a0 q\u00eb do t\u00eb mbeten pa energji elektrike jan\u00eb Rrug\u00ebt \u201cBab Rexha\u201d, \u201cMine Peza\u201d, \u201cMuamet Gjollesha\u201d, \u201cKongresi i Lushnjes\u201d, \u201cNdre Mjeda\u201d, \u201cManastiri Ri\u201d, \u201cDon Bosko\u201d, Ambulanca Qendrore, Pallati i Kultur\u00ebs, pjesa e ish-shkolla e Partis\u00eb,\u00a0 ish-Fusha Aviacionit dhe Blloku i Ambasadave.<\/p>\n<p>Shk\u00ebputja e energjis\u00eb do t\u00eb b\u00ebhet sot n\u00eb or\u00ebn 16:00.<\/p>\n<p>Njoftim p\u00ebr abonent\u00ebt Tiran\u00eb<\/p>\n<p>P\u00ebr shkak t\u00eb remontit n\u00eb Tirana 1 (Zogu Zi) sot n\u00eb dat\u00eb 30 maj, deri n\u00eb or\u00ebn 16:00 do t\u00eb stakohet energjia n\u00eb k\u00ebto zona, Rrug\u00ebt &#8220;Bab Rexha&#8221;, &#8220;Mine Peza&#8221;, &#8220;Muamet Gjollesha&#8221;, \u201cKongresi i Lushnjes&#8221;, \u201cNdre Mjeda&#8221;, &#8220;Manastiri Ri&#8221;, \u201cDon Bosko&#8221;, Ambulanca Qendrore, Pallati i Kultur\u00ebs, pjesa e ish-shkolla e Partis\u00eb,\u00a0 ish-Fusha Aviacionit dhe Blloku i Ambasadave<\/p>\n<p>&nbsp;<\/p>","protected":false},"excerpt":{"rendered":"<p>OSHEE njofton nd\u00ebrprerje t\u00eb energjis\u00eb elektrike n\u00eb disa zona t\u00eb Tiran\u00ebs, si shkak i punimeve n\u00eb rrjet. P\u00ebrmes nj\u00eb njoftimi zyrtar, OSHEE shkruan\u00a0 se zonat\u00a0 q\u00eb do t\u00eb mbeten pa energji elektrike jan\u00eb Rrug\u00ebt \u201cBab Rexha\u201d, \u201cMine Peza\u201d, \u201cMuamet Gjollesha\u201d, \u201cKongresi i Lushnjes\u201d, \u201cNdre Mjeda\u201d, \u201cManastiri Ri\u201d, \u201cDon Bosko\u201d, Ambulanca Qendrore, Pallati i Kultur\u00ebs, pjesa [&hellip;]<\/p>\n","protected":false},"author":2013,"featured_media":53743,"comment_status":"open","ping_status":"closed","sticky":false,"template":"","format":"standard","meta":{"footnotes":""},"categories":[241,235],"tags":[],"class_list":{"0":"post-86676","1":"post","2":"type-post","3":"status-publish","4":"format-standard","5":"has-post-thumbnail","7":"category-aktualitet","8":"category-vendi"},"_links":{"self":[{"href":"https:\/\/zjarr.tv\/en\/wp-json\/wp\/v2\/posts\/86676","targetHints":{"allow":["GET"]}}],"collection":[{"href":"https:\/\/zjarr.tv\/en\/wp-json\/wp\/v2\/posts"}],"about":[{"href":"https:\/\/zjarr.tv\/en\/wp-json\/wp\/v2\/types\/post"}],"author":[{"embeddable":true,"href":"https:\/\/zjarr.tv\/en\/wp-json\/wp\/v2\/users\/2013"}],"replies":[{"embeddable":true,"href":"https:\/\/zjarr.tv\/en\/wp-json\/wp\/v2\/comments?post=86676"}],"version-history":[{"count":0,"href":"https:\/\/zjarr.tv\/en\/wp-json\/wp\/v2\/posts\/86676\/revisions"}],"wp:featuredmedia":[{"embeddable":true,"href":"https:\/\/zjarr.tv\/en\/wp-json\/wp\/v2\/media\/53743"}],"wp:attachment":[{"href":"https:\/\/zjarr.tv\/en\/wp-json\/wp\/v2\/media?parent=86676"}],"wp:term":[{"taxonomy":"category","embeddable":true,"href":"https:\/\/zjarr.tv\/en\/wp-json\/wp\/v2\/categories?post=86676"},{"taxonomy":"post_tag","embeddable":true,"href":"https:\/\/zjarr.tv\/en\/wp-json\/wp\/v2\/tags?post=86676"}],"curies":[{"name":"wp","href":"https:\/\/api.w.org\/{rel}","templated":true}]}}