{"id":86682,"date":"2019-05-30T14:19:09","date_gmt":"2019-05-30T12:19:09","guid":{"rendered":"https:\/\/zjarr.tv\/?p=86682"},"modified":"2019-05-30T14:19:09","modified_gmt":"2019-05-30T12:19:09","slug":"berisha-per-shembjet-e-shtepive-naten-tek-selvia-akt-kriminal-urdher-i-edvin-krimit-dhe-lal-plehut","status":"publish","type":"post","link":"https:\/\/zjarr.tv\/en\/berisha-per-shembjet-e-shtepive-naten-tek-selvia-akt-kriminal-urdher-i-edvin-krimit-dhe-lal-plehut\/","title":{"rendered":"Berisha, p\u00ebr shembjet e sht\u00ebpive nat\u00ebn, tek Selvia: Akt kriminal, urdh\u00ebr i Edvin Krimit dhe Lal Plehut!"},"content":{"rendered":"<p>Banor\u00ebt e lagjes s\u00eb vjet\u00ebr t\u00eb Tiran\u00ebs, tek Selvia, jan\u00eb p\u00ebrfshir\u00eb nga paniku pas shembjeve q\u00eb iu b\u00eb disa banesave mbr\u00ebmjen e s\u00eb m\u00ebrkurr\u00ebs nga bashkia e Tiran\u00ebs. N\u00eb kushtet kur dokumentat e pron\u00ebsis\u00eb nuk p\u00ebrfillet dhe nuk ka as gjykata ku t\u00eb falen, ata i kan\u00eb drejtuar nj\u00eb mesazh p\u00ebr ndihm\u00eb, ish-kryeministrit Sali Berish.<\/p>\n<p>Berisha e ka publikuar mesazhin duke e konsideruar si nj\u00eb \u201cakt banditesk kriminal\u201d nga qeveria at\u00eb q\u00eb \u00ebsht\u00eb nd\u00ebrmarr\u00eb mbi qytetar\u00ebt.<\/p>\n<p>\u201cAkt banditesk kriminal i i Edvin Krimit dhe Lal Plehut ndaj qytetar\u00ebve t\u00eb pambrojtur! Horrat e narkoshtetit, me urdh\u00ebr t\u00eb Edvin Krimit dhe Lal Plehut, prishin biznese dhe banesa t\u00eb qytetar\u00ebve t\u00eb Tiran\u00ebs pa asnj\u00eb paralajm\u00ebrim, n\u00eb kund\u00ebrshtim flagrant me \u00e7do ligj. Lexoni denoncimin e qytetarit dixhital,\u201d shkruan Berisha.<\/p>\n<p>Zoti Berisha, jam nj\u00eb banor i lagjes \u201cSelvia\u201d, Tiran\u00eb. Djemt\u00eb, q\u00eb po iu prishen banesat, jan\u00eb t\u00eb tmerruar; jan\u00eb me leje, hipotek\u00eb dhe gjith\u00e7ka dhe u prishin sht\u00ebpin\u00eb n\u00eb mes t\u00eb nat\u00ebs.<\/p>\n<p>Nuk ka m\u00eb siguri as p\u00ebr pron\u00ebn dhe as p\u00ebr jet\u00ebn. Ju lutem ndihmojini, sepse gjith\u00eb lagja s\u2019po e kupton. Policia s\u2019ka asnje let\u00ebr gjykate. Vijn\u00eb dhe i prishin sht\u00ebpin\u00eb. Ju lutem flisni dhe ju nj\u00eb fjal\u00eb, sepse s\u2019po kemi siguri p\u00ebr sht\u00ebpin\u00eb.<\/p>\n<p>Foto nga shembjet e sht\u00ebpive dhe bizneseve mbr\u00ebmjen e djeshme tek rruga e Dibr\u00ebs pran\u00eb selvis\u00eb, n\u00eb Tiran\u00eb.<\/p>\n<p>&nbsp;<\/p>","protected":false},"excerpt":{"rendered":"<p>Banor\u00ebt e lagjes s\u00eb vjet\u00ebr t\u00eb Tiran\u00ebs, tek Selvia, jan\u00eb p\u00ebrfshir\u00eb nga paniku pas shembjeve q\u00eb iu b\u00eb disa banesave mbr\u00ebmjen e s\u00eb m\u00ebrkurr\u00ebs nga bashkia e Tiran\u00ebs. N\u00eb kushtet kur dokumentat e pron\u00ebsis\u00eb nuk p\u00ebrfillet dhe nuk ka as gjykata ku t\u00eb falen, ata i kan\u00eb drejtuar nj\u00eb mesazh p\u00ebr ndihm\u00eb, ish-kryeministrit Sali Berish. [&hellip;]<\/p>\n","protected":false},"author":2013,"featured_media":86683,"comment_status":"open","ping_status":"closed","sticky":false,"template":"","format":"standard","meta":{"footnotes":""},"categories":[241,235],"tags":[],"class_list":{"0":"post-86682","1":"post","2":"type-post","3":"status-publish","4":"format-standard","5":"has-post-thumbnail","7":"category-aktualitet","8":"category-vendi"},"_links":{"self":[{"href":"https:\/\/zjarr.tv\/en\/wp-json\/wp\/v2\/posts\/86682","targetHints":{"allow":["GET"]}}],"collection":[{"href":"https:\/\/zjarr.tv\/en\/wp-json\/wp\/v2\/posts"}],"about":[{"href":"https:\/\/zjarr.tv\/en\/wp-json\/wp\/v2\/types\/post"}],"author":[{"embeddable":true,"href":"https:\/\/zjarr.tv\/en\/wp-json\/wp\/v2\/users\/2013"}],"replies":[{"embeddable":true,"href":"https:\/\/zjarr.tv\/en\/wp-json\/wp\/v2\/comments?post=86682"}],"version-history":[{"count":0,"href":"https:\/\/zjarr.tv\/en\/wp-json\/wp\/v2\/posts\/86682\/revisions"}],"wp:featuredmedia":[{"embeddable":true,"href":"https:\/\/zjarr.tv\/en\/wp-json\/wp\/v2\/media\/86683"}],"wp:attachment":[{"href":"https:\/\/zjarr.tv\/en\/wp-json\/wp\/v2\/media?parent=86682"}],"wp:term":[{"taxonomy":"category","embeddable":true,"href":"https:\/\/zjarr.tv\/en\/wp-json\/wp\/v2\/categories?post=86682"},{"taxonomy":"post_tag","embeddable":true,"href":"https:\/\/zjarr.tv\/en\/wp-json\/wp\/v2\/tags?post=86682"}],"curies":[{"name":"wp","href":"https:\/\/api.w.org\/{rel}","templated":true}]}}