{"id":86691,"date":"2019-05-30T14:23:35","date_gmt":"2019-05-30T12:23:35","guid":{"rendered":"https:\/\/zjarr.tv\/?p=86691"},"modified":"2019-05-30T14:23:35","modified_gmt":"2019-05-30T12:23:35","slug":"vlore-gjendet-e-ngordhur-breshka-gjigande-e-detit","status":"publish","type":"post","link":"https:\/\/zjarr.tv\/en\/vlore-gjendet-e-ngordhur-breshka-gjigande-e-detit\/","title":{"rendered":"Vlor\u00eb, gjendet e ngordhur breshka gjigande e detit"},"content":{"rendered":"<p>Nj\u00eb breshk\u00eb deti e llojit &#8220;Dermochelys coriacea&#8221;, apo si\u00e7 quhet ndryshe breshka kurrizl\u00ebkurore, \u00ebsht\u00eb gjetur e ngordhur m\u00ebngjesin e sot\u00ebm n\u00eb plazhin e vjet\u00ebr n\u00eb Vlor\u00eb. Breshka prej afro 50 kilogram ka dal\u00eb n\u00eb breg t\u00eb detit e ngordhur, pa kok\u00eb si edhe pa k\u00ebmb\u00eb. Kjo \u00ebsht\u00eb breshka e kat\u00ebrt p\u00ebr k\u00ebto dy muaj q\u00eb gjendet e ngordhur n\u00eb brigjet e bregdetit t\u00eb Vlor\u00ebs.<\/p>\n<p>Kjo lloj breshke \u00ebsht\u00eb e ve\u00e7ant\u00eb dhe zakonisht nuk gjendet n\u00eb Adriatik, megjithat\u00eb ka raste kur ato v\u00ebrehen, sidomos n\u00eb Adriatikun jugor. Nj\u00eb prej problematikave t\u00eb m\u00ebdha q\u00eb i detyron ato t\u00eb dalin n\u00eb breg \u00ebsht\u00eb ndotja e deteve, p\u00ebr shkak t\u00eb bashkimit t\u00eb uj\u00ebrave t\u00eb zeza t\u00eb kanaleve me uj\u00ebrat e detit, por edhe p\u00ebr shkak t\u00eb p\u00ebrq\u00ebndrimit t\u00eb lart\u00eb t\u00eb leshterik\u00ebve. Nuk duhet t\u00eb harrojm\u00eb se breshkat e detit jan\u00eb nd\u00ebr krijesat m\u00eb t\u00eb rrezikuara t\u00eb vendit ton\u00eb.<\/p>\n<p>&nbsp;<\/p>","protected":false},"excerpt":{"rendered":"<p>Nj\u00eb breshk\u00eb deti e llojit &#8220;Dermochelys coriacea&#8221;, apo si\u00e7 quhet ndryshe breshka kurrizl\u00ebkurore, \u00ebsht\u00eb gjetur e ngordhur m\u00ebngjesin e sot\u00ebm n\u00eb plazhin e vjet\u00ebr n\u00eb Vlor\u00eb. Breshka prej afro 50 kilogram ka dal\u00eb n\u00eb breg t\u00eb detit e ngordhur, pa kok\u00eb si edhe pa k\u00ebmb\u00eb. Kjo \u00ebsht\u00eb breshka e kat\u00ebrt p\u00ebr k\u00ebto dy muaj q\u00eb [&hellip;]<\/p>\n","protected":false},"author":2013,"featured_media":86692,"comment_status":"open","ping_status":"closed","sticky":false,"template":"","format":"standard","meta":{"footnotes":""},"categories":[241,235],"tags":[],"class_list":{"0":"post-86691","1":"post","2":"type-post","3":"status-publish","4":"format-standard","5":"has-post-thumbnail","7":"category-aktualitet","8":"category-vendi"},"_links":{"self":[{"href":"https:\/\/zjarr.tv\/en\/wp-json\/wp\/v2\/posts\/86691","targetHints":{"allow":["GET"]}}],"collection":[{"href":"https:\/\/zjarr.tv\/en\/wp-json\/wp\/v2\/posts"}],"about":[{"href":"https:\/\/zjarr.tv\/en\/wp-json\/wp\/v2\/types\/post"}],"author":[{"embeddable":true,"href":"https:\/\/zjarr.tv\/en\/wp-json\/wp\/v2\/users\/2013"}],"replies":[{"embeddable":true,"href":"https:\/\/zjarr.tv\/en\/wp-json\/wp\/v2\/comments?post=86691"}],"version-history":[{"count":0,"href":"https:\/\/zjarr.tv\/en\/wp-json\/wp\/v2\/posts\/86691\/revisions"}],"wp:featuredmedia":[{"embeddable":true,"href":"https:\/\/zjarr.tv\/en\/wp-json\/wp\/v2\/media\/86692"}],"wp:attachment":[{"href":"https:\/\/zjarr.tv\/en\/wp-json\/wp\/v2\/media?parent=86691"}],"wp:term":[{"taxonomy":"category","embeddable":true,"href":"https:\/\/zjarr.tv\/en\/wp-json\/wp\/v2\/categories?post=86691"},{"taxonomy":"post_tag","embeddable":true,"href":"https:\/\/zjarr.tv\/en\/wp-json\/wp\/v2\/tags?post=86691"}],"curies":[{"name":"wp","href":"https:\/\/api.w.org\/{rel}","templated":true}]}}