{"id":86699,"date":"2019-05-30T14:27:29","date_gmt":"2019-05-30T12:27:29","guid":{"rendered":"https:\/\/zjarr.tv\/?p=86699"},"modified":"2019-05-30T14:27:29","modified_gmt":"2019-05-30T12:27:29","slug":"gjonaj-brenda-vitit-te-gjitha-institucionet-e-drejtesise","status":"publish","type":"post","link":"https:\/\/zjarr.tv\/en\/gjonaj-brenda-vitit-te-gjitha-institucionet-e-drejtesise\/","title":{"rendered":"Gjonaj: Brenda vitit t\u00eb gjitha institucionet e drejt\u00ebsis\u00eb"},"content":{"rendered":"<p>Ministrja e Drejt\u00ebsis\u00eb, Etilda Gjonaj nga foltorja e Kuvendit deklaroi se me raportin e KE-s\u00eb u vulos\u00ebn detyrat e b\u00ebra nga Shqip\u00ebria.<\/p>\n<p>\u201cRaporti i k\u00ebtij viti konfirmoi se Shqip\u00ebria i ka b\u00ebr\u00eb t\u00eb gjitha detyrat e sht\u00ebpis\u00eb. Tani \u00ebsht\u00eb radha e vendeve an\u00ebtare p\u00ebr t\u00eb konfirmuar \u00e7eljen e negociatave. Reforma n\u00eb drejt\u00ebsi, lufta ndaj krimit e korrupsionit jan\u00eb lajtmotivi i k\u00ebtij raporti. Jam krenare p\u00ebr arritjet e deritanishme\u201d,- tha Gjonaj.<\/p>\n<p>Ajo n\u00ebnvizoi se, q\u00eb nga gjykatat e deri tek institucionet e tjera t\u00eb drejt\u00ebsis\u00eb do ngrihen brneda vitit.<\/p>\n<p>\u201cReforma n\u00eb Drejt\u00ebsi po zbatohet me ritme t\u00eb k\u00ebnaqsh\u00ebm, ne garantojm\u00eb t\u00eb kemi nj\u00eb sistem drejt\u00ebsie t\u00eb bazuar tek profesionalizmi, aty ku qytetar\u00ebt t\u00eb ken\u00eb besim. S\u00eb shpejti do t\u00eb zgjidhen an\u00ebtar\u00ebt e rinj t\u00eb Gjykat\u00ebs Kushtetuese, do t\u00eb ngrihet SPAK e do t\u00eb zgjidhet Prokurori i P\u00ebrgjithsh\u00ebm. T\u00eb gjitha institucionet e drejt\u00ebsis\u00eb do t\u00eb jen\u00eb funksionale dhe n\u00eb sh\u00ebrbim t\u00eb qytetar\u00ebve\u201d,- vijoi ajo.<\/p>\n<p>Ministrja nuk nguroi t\u2019i l\u00ebshoj\u00eb nj\u00eb apel edhe opozit\u00ebs, kur b\u00ebhet fjal\u00eb p\u00ebr integrimni e vendit.<\/p>\n<p>\u201cMuaji q\u00eb kemi para nuk duhet t\u00eb jet\u00eb nj\u00eb koh\u00eb konfliktesh t\u00eb pakuptimta. Opozita t\u00eb dal\u00eb jasht\u00eb interesave t\u00eb vogla, t\u00eb heq\u00eb dor\u00eb nga politika destruktive\u201d,- vijoi ajo.<\/p>\n<p>&nbsp;<\/p>","protected":false},"excerpt":{"rendered":"<p>Ministrja e Drejt\u00ebsis\u00eb, Etilda Gjonaj nga foltorja e Kuvendit deklaroi se me raportin e KE-s\u00eb u vulos\u00ebn detyrat e b\u00ebra nga Shqip\u00ebria. \u201cRaporti i k\u00ebtij viti konfirmoi se Shqip\u00ebria i ka b\u00ebr\u00eb t\u00eb gjitha detyrat e sht\u00ebpis\u00eb. Tani \u00ebsht\u00eb radha e vendeve an\u00ebtare p\u00ebr t\u00eb konfirmuar \u00e7eljen e negociatave. Reforma n\u00eb drejt\u00ebsi, lufta ndaj krimit [&hellip;]<\/p>\n","protected":false},"author":2013,"featured_media":52991,"comment_status":"open","ping_status":"closed","sticky":false,"template":"","format":"standard","meta":{"footnotes":""},"categories":[241,235],"tags":[],"class_list":{"0":"post-86699","1":"post","2":"type-post","3":"status-publish","4":"format-standard","5":"has-post-thumbnail","7":"category-aktualitet","8":"category-vendi"},"_links":{"self":[{"href":"https:\/\/zjarr.tv\/en\/wp-json\/wp\/v2\/posts\/86699","targetHints":{"allow":["GET"]}}],"collection":[{"href":"https:\/\/zjarr.tv\/en\/wp-json\/wp\/v2\/posts"}],"about":[{"href":"https:\/\/zjarr.tv\/en\/wp-json\/wp\/v2\/types\/post"}],"author":[{"embeddable":true,"href":"https:\/\/zjarr.tv\/en\/wp-json\/wp\/v2\/users\/2013"}],"replies":[{"embeddable":true,"href":"https:\/\/zjarr.tv\/en\/wp-json\/wp\/v2\/comments?post=86699"}],"version-history":[{"count":0,"href":"https:\/\/zjarr.tv\/en\/wp-json\/wp\/v2\/posts\/86699\/revisions"}],"wp:featuredmedia":[{"embeddable":true,"href":"https:\/\/zjarr.tv\/en\/wp-json\/wp\/v2\/media\/52991"}],"wp:attachment":[{"href":"https:\/\/zjarr.tv\/en\/wp-json\/wp\/v2\/media?parent=86699"}],"wp:term":[{"taxonomy":"category","embeddable":true,"href":"https:\/\/zjarr.tv\/en\/wp-json\/wp\/v2\/categories?post=86699"},{"taxonomy":"post_tag","embeddable":true,"href":"https:\/\/zjarr.tv\/en\/wp-json\/wp\/v2\/tags?post=86699"}],"curies":[{"name":"wp","href":"https:\/\/api.w.org\/{rel}","templated":true}]}}