{"id":86701,"date":"2019-05-30T14:30:01","date_gmt":"2019-05-30T12:30:01","guid":{"rendered":"https:\/\/zjarr.tv\/?p=86701"},"modified":"2019-05-30T14:30:01","modified_gmt":"2019-05-30T12:30:01","slug":"theu-dhe-vodhi-tre-lokale-brenda-dites-arrestohet-i-riu-ne-has","status":"publish","type":"post","link":"https:\/\/zjarr.tv\/en\/theu-dhe-vodhi-tre-lokale-brenda-dites-arrestohet-i-riu-ne-has\/","title":{"rendered":"Theu dhe vodhi tre lokale brenda dit\u00ebs, arrestohet i riu n\u00eb Has"},"content":{"rendered":"<p>Nj\u00eb 25-vje\u00e7ar \u00ebsht\u00eb arrestuar nga policia e Hasit p\u00ebr vjedhjen me thyerje t\u00eb tre lokale n\u00eb qytetin e Krum\u00ebs.<\/p>\n<p>N\u00eb pranga ka r\u00ebn\u00eb shtetasi \u00a0K.Ll., banues n\u00eb fshatin Kishaj.<\/p>\n<p>Ngjarja ka ndodhur gjat\u00eb or\u00ebve t\u00eb para t\u00eb dit\u00ebs s\u00eb djeshme (29 maj).<\/p>\n<p><em>&#8220;Ky shtetas ka thyer xhamat e tre lokaleve n\u00eb qytetin e Krum\u00ebs, duke marr\u00eb nj\u00eb sasi lek\u00ebsh dhe pije&#8221; thot\u00eb policia.<\/em><\/p>\n<p>Nga t\u00ebr\u00ebsia e veprimeve hetimore, 25 vje\u00e7ari dyshohet se \u00ebsht\u00eb edhe autor i vjedhjes s\u00eb nj\u00eb lokali, po n\u00eb qytetin e Krum\u00ebs, ngjarje e ndodhur m\u00eb dat\u00eb 21 maj.<\/p>\n<p>N\u00eb cil\u00ebsin\u00eb e prov\u00ebs materiale u sekuestruan sendet e vjedhura.<\/p>\n<p>Materialet p\u00ebr veprime t\u00eb m\u00ebtejshme i kaluan Prokuroris\u00eb Pran\u00eb Gjykat\u00ebs s\u00eb Rrethit Gjyq\u00ebsor Kuk\u00ebs, p\u00ebr vepr\u00ebn \u00a0penale \u201cVjedhja\u201d.<\/p>\n<p>&nbsp;<\/p>","protected":false},"excerpt":{"rendered":"<p>Nj\u00eb 25-vje\u00e7ar \u00ebsht\u00eb arrestuar nga policia e Hasit p\u00ebr vjedhjen me thyerje t\u00eb tre lokale n\u00eb qytetin e Krum\u00ebs. N\u00eb pranga ka r\u00ebn\u00eb shtetasi \u00a0K.Ll., banues n\u00eb fshatin Kishaj. Ngjarja ka ndodhur gjat\u00eb or\u00ebve t\u00eb para t\u00eb dit\u00ebs s\u00eb djeshme (29 maj). &#8220;Ky shtetas ka thyer xhamat e tre lokaleve n\u00eb qytetin e Krum\u00ebs, duke [&hellip;]<\/p>\n","protected":false},"author":2013,"featured_media":57185,"comment_status":"open","ping_status":"closed","sticky":false,"template":"","format":"standard","meta":{"footnotes":""},"categories":[241,235],"tags":[],"class_list":{"0":"post-86701","1":"post","2":"type-post","3":"status-publish","4":"format-standard","5":"has-post-thumbnail","7":"category-aktualitet","8":"category-vendi"},"_links":{"self":[{"href":"https:\/\/zjarr.tv\/en\/wp-json\/wp\/v2\/posts\/86701","targetHints":{"allow":["GET"]}}],"collection":[{"href":"https:\/\/zjarr.tv\/en\/wp-json\/wp\/v2\/posts"}],"about":[{"href":"https:\/\/zjarr.tv\/en\/wp-json\/wp\/v2\/types\/post"}],"author":[{"embeddable":true,"href":"https:\/\/zjarr.tv\/en\/wp-json\/wp\/v2\/users\/2013"}],"replies":[{"embeddable":true,"href":"https:\/\/zjarr.tv\/en\/wp-json\/wp\/v2\/comments?post=86701"}],"version-history":[{"count":0,"href":"https:\/\/zjarr.tv\/en\/wp-json\/wp\/v2\/posts\/86701\/revisions"}],"wp:featuredmedia":[{"embeddable":true,"href":"https:\/\/zjarr.tv\/en\/wp-json\/wp\/v2\/media\/57185"}],"wp:attachment":[{"href":"https:\/\/zjarr.tv\/en\/wp-json\/wp\/v2\/media?parent=86701"}],"wp:term":[{"taxonomy":"category","embeddable":true,"href":"https:\/\/zjarr.tv\/en\/wp-json\/wp\/v2\/categories?post=86701"},{"taxonomy":"post_tag","embeddable":true,"href":"https:\/\/zjarr.tv\/en\/wp-json\/wp\/v2\/tags?post=86701"}],"curies":[{"name":"wp","href":"https:\/\/api.w.org\/{rel}","templated":true}]}}