{"id":86703,"date":"2019-05-30T14:31:10","date_gmt":"2019-05-30T12:31:10","guid":{"rendered":"https:\/\/zjarr.tv\/?p=86703"},"modified":"2019-05-30T14:31:10","modified_gmt":"2019-05-30T12:31:10","slug":"merr-rruge-vettingu-ne-polici-nis-verifikimi-i-45-dosjeve-te-para","status":"publish","type":"post","link":"https:\/\/zjarr.tv\/en\/merr-rruge-vettingu-ne-polici-nis-verifikimi-i-45-dosjeve-te-para\/","title":{"rendered":"Merr rrug\u00eb vettingu n\u00eb polici, nis verifikimi i 45 dosjeve t\u00eb para"},"content":{"rendered":"<p>P\u00ebrzgjidhen \u00a045 emrat e par\u00eb q\u00eb do t\u2019i n\u00ebnshtrohen procesit t\u00eb Vettingut n\u00eb polici.<\/p>\n<p>Komisioni i Jasht\u00ebm i Vler\u00ebsimit p\u00ebr \u201cP\u00ebr Vler\u00ebsimin Kalimtar dhe Periodik t\u00eb Punonj\u00ebsve t\u00eb Policis\u00eb s\u00eb Shtetit, Gard\u00ebs s\u00eb Republik\u00ebs dhe Sh\u00ebrbimit p\u00ebr \u00c7\u00ebshtjet e Brendshme dhe Ankesat, n\u00eb Ministrin\u00eb e Brendshme\u201d b\u00ebn me dije se subjektet e vler\u00ebsimit jan\u00eb n\u00eb detyrat m\u00eb t\u00eb larta drejtuese n\u00eb Policin\u00eb e Shtetit, 31 punonj\u00ebs, n\u00eb Sh\u00ebrbimin p\u00ebr \u00c7\u00ebshtjet e Brendshme dhe Ankesat (SH\u00c7BA), 12 punonj\u00ebs dhe n\u00eb Gard\u00ebn e Republik\u00ebs, 2 punonj\u00ebs.<\/p>\n<p>Dosjet e vet\u00eb-deklarimit jan\u00eb t\u00ebrhequr nga Komisioni i Jasht\u00ebm i Vler\u00ebsimit dhe ka nisur puna n\u00eb faz\u00ebn e par\u00eb, ajo e shqyrtimit t\u00eb deklaratave, k\u00ebrkimit t\u00eb informacioneve dhe verifikimeve p\u00ebrkat\u00ebse.<\/p>\n<p>Sipas parashikimeve ligjore, pas procesit t\u00eb hetimit administrativ, do t\u00eb mbahet p\u00ebr \u00e7do subjekt seanc\u00eb e hapur d\u00ebgjimore.<\/p>\n<p>&nbsp;<\/p>","protected":false},"excerpt":{"rendered":"<p>P\u00ebrzgjidhen \u00a045 emrat e par\u00eb q\u00eb do t\u2019i n\u00ebnshtrohen procesit t\u00eb Vettingut n\u00eb polici. Komisioni i Jasht\u00ebm i Vler\u00ebsimit p\u00ebr \u201cP\u00ebr Vler\u00ebsimin Kalimtar dhe Periodik t\u00eb Punonj\u00ebsve t\u00eb Policis\u00eb s\u00eb Shtetit, Gard\u00ebs s\u00eb Republik\u00ebs dhe Sh\u00ebrbimit p\u00ebr \u00c7\u00ebshtjet e Brendshme dhe Ankesat, n\u00eb Ministrin\u00eb e Brendshme\u201d b\u00ebn me dije se subjektet e vler\u00ebsimit jan\u00eb n\u00eb [&hellip;]<\/p>\n","protected":false},"author":2013,"featured_media":72756,"comment_status":"open","ping_status":"closed","sticky":false,"template":"","format":"standard","meta":{"footnotes":""},"categories":[241,235],"tags":[],"class_list":{"0":"post-86703","1":"post","2":"type-post","3":"status-publish","4":"format-standard","5":"has-post-thumbnail","7":"category-aktualitet","8":"category-vendi"},"_links":{"self":[{"href":"https:\/\/zjarr.tv\/en\/wp-json\/wp\/v2\/posts\/86703","targetHints":{"allow":["GET"]}}],"collection":[{"href":"https:\/\/zjarr.tv\/en\/wp-json\/wp\/v2\/posts"}],"about":[{"href":"https:\/\/zjarr.tv\/en\/wp-json\/wp\/v2\/types\/post"}],"author":[{"embeddable":true,"href":"https:\/\/zjarr.tv\/en\/wp-json\/wp\/v2\/users\/2013"}],"replies":[{"embeddable":true,"href":"https:\/\/zjarr.tv\/en\/wp-json\/wp\/v2\/comments?post=86703"}],"version-history":[{"count":0,"href":"https:\/\/zjarr.tv\/en\/wp-json\/wp\/v2\/posts\/86703\/revisions"}],"wp:featuredmedia":[{"embeddable":true,"href":"https:\/\/zjarr.tv\/en\/wp-json\/wp\/v2\/media\/72756"}],"wp:attachment":[{"href":"https:\/\/zjarr.tv\/en\/wp-json\/wp\/v2\/media?parent=86703"}],"wp:term":[{"taxonomy":"category","embeddable":true,"href":"https:\/\/zjarr.tv\/en\/wp-json\/wp\/v2\/categories?post=86703"},{"taxonomy":"post_tag","embeddable":true,"href":"https:\/\/zjarr.tv\/en\/wp-json\/wp\/v2\/tags?post=86703"}],"curies":[{"name":"wp","href":"https:\/\/api.w.org\/{rel}","templated":true}]}}