{"id":86716,"date":"2019-05-30T14:40:42","date_gmt":"2019-05-30T12:40:42","guid":{"rendered":"https:\/\/zjarr.tv\/?p=86716"},"modified":"2019-05-30T14:40:42","modified_gmt":"2019-05-30T12:40:42","slug":"permbyset-varka-ne-budapest-shume-te-zhdukur","status":"publish","type":"post","link":"https:\/\/zjarr.tv\/en\/permbyset-varka-ne-budapest-shume-te-zhdukur\/","title":{"rendered":"P\u00ebrmbyset varka n\u00eb Budapest, shum\u00eb t\u00eb zhdukur"},"content":{"rendered":"<p>T\u00eb pakt\u00ebn shtat\u00eb vet\u00eb kan\u00eb vdekur dhe 19 jan\u00eb zhdukur pasi nj\u00eb vark\u00eb u p\u00ebrmbys n\u00eb lumin Danub, n\u00eb kryeqytetin hungarez Budapest, njoftoi media shtet\u00ebrore.<\/p>\n<p>Tridhjet\u00eb e tre vet\u00eb, kryesisht turist\u00eb nga Koreja e Jugut, ishin n\u00eb bordin e anijes kur u godit nga nj\u00eb anije tjet\u00ebr nd\u00ebrsa \u00a0ankorohej, tha agjensia e lajmeve MTI.<\/p>\n<p>Incidenti ndodhi t\u00eb m\u00ebrkur\u00ebn rreth or\u00ebs 22:00 t\u00eb or\u00ebs lokale.<\/p>\n<p>Lumi Danub, nj\u00eb atraksion popullor p\u00ebr turist\u00ebt, u rrit p\u00ebr shkak t\u00eb reshjeve t\u00eb m\u00ebdha, duke shkaktuar rryma t\u00eb forta.<\/p>\n<p>Vark\u00eb q\u00eb u mbyt u identifikua si &#8220;Hableany&#8221;, ose Mermaid. Anija ka dy kuverta dhe nj\u00eb kapacitet prej 45 personash p\u00ebr udh\u00ebtime.<\/p>\n<p>Ministria e jashtme e Kores\u00eb s\u00eb Jugut konfirmoi se 19 korean\u00eb humb\u00ebn dhe than\u00eb se qeveria kishte planifikuar t\u00eb d\u00ebrgonte nj\u00eb ekip t\u00eb zyrtar\u00ebve n\u00eb Hungari, duke shtuar se k\u00ebshillimi do t\u00eb vihej n\u00eb dispozicion t\u00eb familjeve t\u00eb viktimave.<\/p>\n<p>Duke folur n\u00eb nj\u00eb konferenc\u00eb p\u00ebr shtyp n\u00eb kryeqytetin e Kores\u00eb s\u00eb Jugut, Seul, nj\u00eb z\u00ebdh\u00ebn\u00ebs i agjencis\u00eb s\u00eb udh\u00ebtimit pas turneut t\u00eb grupit, Lee Sang-moo, tha se t\u00eb pakt\u00ebn nj\u00eb f\u00ebmij\u00eb ishte nd\u00ebr t\u00eb zhdukurit.<\/p>\n<p>Nj\u00eb p\u00ebrpjekje e madhe shp\u00ebtimi vazhdoi n\u00eb or\u00ebt e hershme t\u00eb t\u00eb enjtes, me anije, zhyt\u00ebs, drita, dhe skanim radar p\u00ebrgjat\u00eb lumit disa kilometra n\u00eb drejtim t\u00eb rrym\u00ebs.<\/p>\n<p>Ekipet e emergjenc\u00ebs zbuluan rr\u00ebnojat e &#8220;Mermaid&#8221; n\u00eb shtratin e lumit, pasi k\u00ebrkonin disa or\u00eb pran\u00eb Ur\u00ebs s\u00eb Margaret\u00ebs, than\u00eb mediat lokale.<\/p>\n<p>Ekipet e shp\u00ebtimit paralajm\u00ebruan se sa m\u00eb shum\u00eb koh\u00eb t\u00eb kalonte, rrymat e forta do t\u00eb \u00e7onin njer\u00ebz n\u00eb drejtim t\u00eb rrym\u00ebs, duke pak\u00ebsuar shanset p\u00ebr gjetjen e t\u00eb mbijetuarve.<\/p>\n<p>Sh\u00ebrbimi Komb\u00ebtar i Emergjencave po b\u00ebnte k\u00ebrkime n\u00eb drejtim t\u00eb rrym\u00ebs nga zona qendrore e Budapestit dhe trafiku ujor u ndal n\u00eb t\u00eb gjith\u00eb Danubin n\u00eb jug t\u00eb Budapestit, njoftoi agjencia e lajmeve Reuters<\/p>\n<p>&nbsp;<\/p>","protected":false},"excerpt":{"rendered":"<p>T\u00eb pakt\u00ebn shtat\u00eb vet\u00eb kan\u00eb vdekur dhe 19 jan\u00eb zhdukur pasi nj\u00eb vark\u00eb u p\u00ebrmbys n\u00eb lumin Danub, n\u00eb kryeqytetin hungarez Budapest, njoftoi media shtet\u00ebrore. Tridhjet\u00eb e tre vet\u00eb, kryesisht turist\u00eb nga Koreja e Jugut, ishin n\u00eb bordin e anijes kur u godit nga nj\u00eb anije tjet\u00ebr nd\u00ebrsa \u00a0ankorohej, tha agjensia e lajmeve MTI. Incidenti [&hellip;]<\/p>\n","protected":false},"author":2013,"featured_media":86717,"comment_status":"open","ping_status":"closed","sticky":false,"template":"","format":"standard","meta":{"footnotes":""},"categories":[241,191],"tags":[],"class_list":{"0":"post-86716","1":"post","2":"type-post","3":"status-publish","4":"format-standard","5":"has-post-thumbnail","7":"category-aktualitet","8":"category-bota"},"_links":{"self":[{"href":"https:\/\/zjarr.tv\/en\/wp-json\/wp\/v2\/posts\/86716","targetHints":{"allow":["GET"]}}],"collection":[{"href":"https:\/\/zjarr.tv\/en\/wp-json\/wp\/v2\/posts"}],"about":[{"href":"https:\/\/zjarr.tv\/en\/wp-json\/wp\/v2\/types\/post"}],"author":[{"embeddable":true,"href":"https:\/\/zjarr.tv\/en\/wp-json\/wp\/v2\/users\/2013"}],"replies":[{"embeddable":true,"href":"https:\/\/zjarr.tv\/en\/wp-json\/wp\/v2\/comments?post=86716"}],"version-history":[{"count":0,"href":"https:\/\/zjarr.tv\/en\/wp-json\/wp\/v2\/posts\/86716\/revisions"}],"wp:featuredmedia":[{"embeddable":true,"href":"https:\/\/zjarr.tv\/en\/wp-json\/wp\/v2\/media\/86717"}],"wp:attachment":[{"href":"https:\/\/zjarr.tv\/en\/wp-json\/wp\/v2\/media?parent=86716"}],"wp:term":[{"taxonomy":"category","embeddable":true,"href":"https:\/\/zjarr.tv\/en\/wp-json\/wp\/v2\/categories?post=86716"},{"taxonomy":"post_tag","embeddable":true,"href":"https:\/\/zjarr.tv\/en\/wp-json\/wp\/v2\/tags?post=86716"}],"curies":[{"name":"wp","href":"https:\/\/api.w.org\/{rel}","templated":true}]}}