{"id":86732,"date":"2019-05-30T15:13:36","date_gmt":"2019-05-30T13:13:36","guid":{"rendered":"https:\/\/zjarr.tv\/?p=86732"},"modified":"2019-05-30T15:13:36","modified_gmt":"2019-05-30T13:13:36","slug":"ftese-per-negociatat-rama-protestat-po-demtojne-vendin-te-nise-dialogu","status":"publish","type":"post","link":"https:\/\/zjarr.tv\/en\/ftese-per-negociatat-rama-protestat-po-demtojne-vendin-te-nise-dialogu\/","title":{"rendered":"Ftes\u00eb p\u00ebr negociatat, Rama: Protestat po d\u00ebmtojn\u00eb vendin, t\u00eb nis\u00eb dialogu"},"content":{"rendered":"<p><em>Kryeministri Edi Rama ka k\u00ebrkuar edhe nj\u00eb her\u00eb q\u00eb opozita t\u00eb ndal\u00eb protestat dhe t\u00eb ulet n\u00eb tryez\u00ebn e dialogut. Nga foltorja e parlamentit ai u shpreh se situata po ndikon negativisht n\u00eb vendet e bashkimit evropian. Nd\u00ebrsa n\u00eb q\u00ebndrimin e tij p\u00ebr negociatat, ish ministri Ditmir Bushati theksoi se raporti duhet par\u00eb si nj\u00eb pasqyr\u00eb ku \u00e7do kush do t\u00eb nxjerr\u00eb p\u00ebrgjegj\u00ebsit\u00eb e veta.<\/em><\/p>\n<p>Pas marrjes s\u00eb Raportit t\u00eb Komisionit Evropian shumica qeveris\u00ebse ka nisur sulmin politik ndaj opozit\u00ebs p\u00ebr imazhin q\u00eb ka krijuar protesta n\u00eb vendet e unionit.<\/p>\n<p>Duke folur n\u00eb foltoren e Parlamentit, kryeministri Edi Rama p\u00ebrs\u00ebriti akuzat p\u00ebr munges\u00eb vullneti nga ana e PD dhe LSI-s\u00eb p\u00ebr t\u00eb kontribuar n\u00eb rrug\u00ebn e integrimit Evropian. Madje edhe nj\u00eb her\u00eb i b\u00ebri thirrje p\u00ebr dialog.<\/p>\n<p><strong>Rama:<\/strong><em>\u00a0Ne kemi t\u00eb gjith\u00eb gatishm\u00ebrin\u00eb t\u00eb dialogojm\u00eb me opozit\u00ebn jasht\u00eb parlamentare por nuk do t\u00eb negociojm\u00eb legjitimitetin dhe detyrimin p\u00ebr vazhdim\u00ebsin\u00eb e k\u00ebtij Parlamenti.<\/em><\/p>\n<p>Deputet\u00ebt e opozit\u00ebs s\u00eb re n\u00eb parlament k\u00ebrkuan t\u2019i tregojn\u00eb Ram\u00ebs se prezenca e tyre do t\u2019i sjell\u00eb nj\u00eb frym\u00eb t\u00eb re politik\u00ebs.<\/p>\n<p><strong>Hajdari:<\/strong><em>\u00a0Asnj\u00eb nga lider\u00ebt tan\u00eb t\u00eb vendit nuk e bind dot BE. Nj\u00eb njeri q\u00eb sillet n\u00ebp\u00ebr Europ\u00eb me ca reforma t\u00eb paimlementuara dhe nga ana tjet\u00ebr b\u00ebn tangon e Serbis\u00eb, sot ndihet m\u00eb i dembelosur se kurr\u00eb.<\/em><\/p>\n<p>P\u00ebr ish-ministrin e Jasht\u00ebm, Ditmir Bushati, raporti i Komisionit Evropian \u00ebsht\u00eb nj\u00eb pasqyr\u00eb ku duhet t\u00eb dalin para saj t\u00eb gjitha pal\u00ebt politike dhe t\u00eb mbajn\u00eb p\u00ebrgjegj\u00ebsit\u00eb e tyre.<\/p>\n<p><strong>Bushati:\u00a0<\/strong><em>Nuk ja vlen t\u00eb b\u00ebjm\u00eb loj\u00ebra kukafshehti, shumica e heshtur e k\u00ebtij vendi sot k\u00ebrkon dialogun dhe mir\u00ebkuptimin dhe jo konfrontimin.<\/em><\/p>\n<p>Ambasadori i BE-s\u00eb, Luigi Soreca, i dor\u00ebzoi rekomandimet pozitive t\u00eb Brukselit kryetarit t\u00eb Kuvendit Gramoz Ru\u00e7i dhe m\u00eb pas an\u00ebtar\u00ebve t\u00eb Komisionit t\u00eb Integrimit.<\/p>\n<p>Kreu i Delegacionit t\u00eb BE i d\u00ebrgoi n\u00eb zyr\u00eb raportin edhe kryedemokratit Lulzim Basha.<\/p>\n<p>&nbsp;<\/p>","protected":false},"excerpt":{"rendered":"<p>Kryeministri Edi Rama ka k\u00ebrkuar edhe nj\u00eb her\u00eb q\u00eb opozita t\u00eb ndal\u00eb protestat dhe t\u00eb ulet n\u00eb tryez\u00ebn e dialogut. Nga foltorja e parlamentit ai u shpreh se situata po ndikon negativisht n\u00eb vendet e bashkimit evropian. Nd\u00ebrsa n\u00eb q\u00ebndrimin e tij p\u00ebr negociatat, ish ministri Ditmir Bushati theksoi se raporti duhet par\u00eb si nj\u00eb [&hellip;]<\/p>\n","protected":false},"author":2013,"featured_media":86656,"comment_status":"open","ping_status":"closed","sticky":false,"template":"","format":"standard","meta":{"footnotes":""},"categories":[241,235],"tags":[],"class_list":{"0":"post-86732","1":"post","2":"type-post","3":"status-publish","4":"format-standard","5":"has-post-thumbnail","7":"category-aktualitet","8":"category-vendi"},"_links":{"self":[{"href":"https:\/\/zjarr.tv\/en\/wp-json\/wp\/v2\/posts\/86732","targetHints":{"allow":["GET"]}}],"collection":[{"href":"https:\/\/zjarr.tv\/en\/wp-json\/wp\/v2\/posts"}],"about":[{"href":"https:\/\/zjarr.tv\/en\/wp-json\/wp\/v2\/types\/post"}],"author":[{"embeddable":true,"href":"https:\/\/zjarr.tv\/en\/wp-json\/wp\/v2\/users\/2013"}],"replies":[{"embeddable":true,"href":"https:\/\/zjarr.tv\/en\/wp-json\/wp\/v2\/comments?post=86732"}],"version-history":[{"count":0,"href":"https:\/\/zjarr.tv\/en\/wp-json\/wp\/v2\/posts\/86732\/revisions"}],"wp:featuredmedia":[{"embeddable":true,"href":"https:\/\/zjarr.tv\/en\/wp-json\/wp\/v2\/media\/86656"}],"wp:attachment":[{"href":"https:\/\/zjarr.tv\/en\/wp-json\/wp\/v2\/media?parent=86732"}],"wp:term":[{"taxonomy":"category","embeddable":true,"href":"https:\/\/zjarr.tv\/en\/wp-json\/wp\/v2\/categories?post=86732"},{"taxonomy":"post_tag","embeddable":true,"href":"https:\/\/zjarr.tv\/en\/wp-json\/wp\/v2\/tags?post=86732"}],"curies":[{"name":"wp","href":"https:\/\/api.w.org\/{rel}","templated":true}]}}