{"id":86736,"date":"2019-05-30T15:33:14","date_gmt":"2019-05-30T13:33:14","guid":{"rendered":"https:\/\/zjarr.tv\/?p=86736"},"modified":"2019-05-30T15:33:14","modified_gmt":"2019-05-30T13:33:14","slug":"shehu-nxjerr-arsyet-pse-duhet-protestuar-masivisht-te-dielen","status":"publish","type":"post","link":"https:\/\/zjarr.tv\/en\/shehu-nxjerr-arsyet-pse-duhet-protestuar-masivisht-te-dielen\/","title":{"rendered":"Shehu nxjerr arsyet: Pse duhet protestuar masivisht t\u00eb diel\u00ebn"},"content":{"rendered":"<p>Ish-deputeti i Partis\u00eb Demokratike, Tritan Shehu ka reaguar p\u00ebr burgosjen e padrejt\u00eb e nj\u00eb t\u00eb ri nga Gjirokastra, i cili sipas tij, doli n\u00eb protest\u00eb duke kund\u00ebrshtuar varf\u00ebrin\u00eb dhe m\u00eb pas u arrestu nga Policia.<\/p>\n<p>Ai shprehet se duhet q\u00eb dikush t\u00eb p\u00ebrgjigjet p\u00ebr mbajtjen n\u00eb paraburgim t\u00eb studentit, Ardit Boci p\u00ebr dy jav\u00eb duke i cenuar atij\u00a0 t\u00eb drejt\u00ebn p\u00ebr t\u00eb shkuar n\u00eb shkoll\u00eb.<\/p>\n<p><strong>Postimi i Shehut:<\/strong><\/p>\n<p>Kush do te pergjigjet per burgosjen e pa drejte te Arditit e te shume nga shoket e tij?Mbas reth dy jave mbajtje pa argumenta ne para burgim per pjesemarje ne protesten e opozites, te riun gjirokastrit Ardit Boci Gjykata e Apelit e nxjerr sot nga burgu.<\/p>\n<p>Arditi, i rregjistruar ne Universitetin e Durresit, punonjes ne nje Call Center ne Tirane per te mbijetuar, u ndalua pa asnje shkak ate nate kur do te kthehej ne Gjirokaster mbasi protestoi ne Tirane kunder varferise, qe nuk po e lejon t\u2019i dedikohet krejtesisht studimeve, kunder diskriminimit, qe ka krijuar Ligji i Arsimit te Larte, kunder arrogances e arbitraritetit, qe familja e tij po i ndjen deri ne palce.<\/p>\n<p>Argumente me shume keto per te protestuar me vendosmeri e masivisht perseri te djelen!<\/p>\n<p>&nbsp;<\/p>","protected":false},"excerpt":{"rendered":"<p>Ish-deputeti i Partis\u00eb Demokratike, Tritan Shehu ka reaguar p\u00ebr burgosjen e padrejt\u00eb e nj\u00eb t\u00eb ri nga Gjirokastra, i cili sipas tij, doli n\u00eb protest\u00eb duke kund\u00ebrshtuar varf\u00ebrin\u00eb dhe m\u00eb pas u arrestu nga Policia. Ai shprehet se duhet q\u00eb dikush t\u00eb p\u00ebrgjigjet p\u00ebr mbajtjen n\u00eb paraburgim t\u00eb studentit, Ardit Boci p\u00ebr dy jav\u00eb duke [&hellip;]<\/p>\n","protected":false},"author":2013,"featured_media":86737,"comment_status":"open","ping_status":"closed","sticky":false,"template":"","format":"standard","meta":{"footnotes":""},"categories":[241,235],"tags":[],"class_list":{"0":"post-86736","1":"post","2":"type-post","3":"status-publish","4":"format-standard","5":"has-post-thumbnail","7":"category-aktualitet","8":"category-vendi"},"_links":{"self":[{"href":"https:\/\/zjarr.tv\/en\/wp-json\/wp\/v2\/posts\/86736","targetHints":{"allow":["GET"]}}],"collection":[{"href":"https:\/\/zjarr.tv\/en\/wp-json\/wp\/v2\/posts"}],"about":[{"href":"https:\/\/zjarr.tv\/en\/wp-json\/wp\/v2\/types\/post"}],"author":[{"embeddable":true,"href":"https:\/\/zjarr.tv\/en\/wp-json\/wp\/v2\/users\/2013"}],"replies":[{"embeddable":true,"href":"https:\/\/zjarr.tv\/en\/wp-json\/wp\/v2\/comments?post=86736"}],"version-history":[{"count":0,"href":"https:\/\/zjarr.tv\/en\/wp-json\/wp\/v2\/posts\/86736\/revisions"}],"wp:featuredmedia":[{"embeddable":true,"href":"https:\/\/zjarr.tv\/en\/wp-json\/wp\/v2\/media\/86737"}],"wp:attachment":[{"href":"https:\/\/zjarr.tv\/en\/wp-json\/wp\/v2\/media?parent=86736"}],"wp:term":[{"taxonomy":"category","embeddable":true,"href":"https:\/\/zjarr.tv\/en\/wp-json\/wp\/v2\/categories?post=86736"},{"taxonomy":"post_tag","embeddable":true,"href":"https:\/\/zjarr.tv\/en\/wp-json\/wp\/v2\/tags?post=86736"}],"curies":[{"name":"wp","href":"https:\/\/api.w.org\/{rel}","templated":true}]}}