{"id":86739,"date":"2019-05-30T15:34:30","date_gmt":"2019-05-30T13:34:30","guid":{"rendered":"https:\/\/zjarr.tv\/?p=86739"},"modified":"2019-05-30T15:34:30","modified_gmt":"2019-05-30T13:34:30","slug":"kryemadhi-integrimin-do-ta-fitojme-kur-ta-largojme-njeriun-qe-e-mban-peng","status":"publish","type":"post","link":"https:\/\/zjarr.tv\/en\/kryemadhi-integrimin-do-ta-fitojme-kur-ta-largojme-njeriun-qe-e-mban-peng\/","title":{"rendered":"Kryemadhi: Integrimin do ta fitojm\u00eb kur ta largojm\u00eb njeriun q\u00eb e mban peng"},"content":{"rendered":"<p>Kryetarja e LSI-s\u00eb, Monika Kryemadhi ka komentuar progres raportin p\u00ebr Shqip\u00ebrin\u00eb, q\u00eb sipas saj \u00ebsht\u00eb nj\u00eb arsye m\u00eb shum\u00eb q\u00eb opozita dhe qytetar\u00ebt t\u00eb mos t\u00ebrhiqen nga kauza e tyre.<\/p>\n<p>N\u00eb nj\u00eb status n\u00eb Facebook, Kryemadhi tha se Shqip\u00ebria do ta fitoj\u00eb integrimin kur t\u00eb largohet njeriu q\u00eb e mban peng at\u00eb.<\/p>\n<p><strong>Statusi i Monika Kryemadhit<\/strong><\/p>\n<p><em>Progres Raporti i Shqip\u00ebris\u00eb \u00ebsht\u00eb nj\u00eb arsye m\u00eb shum\u00eb p\u00ebr opozit\u00ebn dhe gjith\u00eb qytetar\u00ebt shqiptar\u00eb t\u00eb mos t\u00ebrhiqen n\u00eb kauz\u00ebn e tyre, t\u00eb drejt\u00ebn legjitime ku vlerat europiane fillojn\u00eb me vot\u00ebn e lir\u00eb dhe mund\u00ebsin\u00eb p\u00ebr t\u00eb zgjedhur!<\/em><\/p>\n<p><em>Rekomandimi pozitiv \u00ebsht\u00eb pjes\u00eb e statusit t\u00eb Shqip\u00ebris\u00eb q\u00eb prej vitit 2016 dhe askush nuk e mendonte 3 vite m\u00eb par\u00eb, se ne do t\u00eb endeshim kaq gjat\u00eb, n\u00eb pritjen e pafundme t\u00eb \u00e7eljes s\u00eb negociatave dhe zvarritjes n\u00eb keqqeverisje t\u00eb nj\u00eb qeverie q\u00eb \u00ebsht\u00eb dehur nga pushteti!<\/em><\/p>\n<p><em>E vler\u00ebsoj k\u00ebt\u00eb raport m\u00eb shum\u00eb se \u00e7do raport tjet\u00ebr, pasi m\u00eb n\u00eb fund risjell n\u00eb v\u00ebmendje shtyll\u00ebn kryesore t\u00eb ekzistenc\u00ebs s\u00eb nj\u00eb shteti, ekonomin\u00eb. N\u00eb fund t\u00eb fundit integrim do t\u00eb thot\u00eb nj\u00eb ekonomi m\u00eb e fort\u00eb dhe m\u00eb konkurrente, do t\u00eb thot\u00eb m\u00eb shum\u00eb investime dhe vende pune. Por vizioni i cunguar i nj\u00eb artisti nuk mundet kurr\u00eb t\u00eb kuptoj\u00eb nevoj\u00ebn ul\u00ebrit\u00ebse q\u00eb ka \u00e7do familje shqiptare p\u00ebr t\u00eb ndjer\u00eb siguri, p\u00ebr t\u00eb ushqyer f\u00ebmij\u00ebt e p\u00ebr t\u2019i dh\u00ebn\u00eb frym\u00ebmarrje biznesit. P\u00ebr t\u00eb dhe qeverin\u00eb e tij, koncesionet dhe PPP jan\u00eb e vetmja alternativ\u00eb, p\u00ebr t\u00eb falimentuar shqiptar\u00ebt dhe p\u00ebr t\u00eb pastruar parat\u00eb e pista.<\/em><\/p>\n<p><em>Un\u00eb jam e bindur se t\u00eb gjith\u00eb bashk\u00eb do ta fitojm\u00eb integrimin, kur t\u00eb largojm\u00eb nj\u00eb her\u00eb e mir\u00eb, at\u00eb q\u00eb sot mban peng k\u00ebt\u00eb aspirat\u00eb t\u00eb madhe, at\u00eb q\u00eb mban peng t\u00eb ardhmen e t\u00eb rinjve tan\u00eb.<\/em><\/p>\n<p><em>LSI ka qen\u00eb dhe mbetet partia e integrimit europian. Historia e ka b\u00ebr\u00eb tashm\u00eb at\u00eb pjes\u00eb t\u00eb pandar\u00eb t\u00eb k\u00ebtij procesi q\u00eb n\u00eb arsyen pse u krijua, n\u00eb liberalizimin e vizave dhe n\u00eb statusin e vendit kandidat. Ne mbetemi t\u00eb vendosur t\u2019i japim vendit mund\u00ebsin\u00eb e \u00e7eljes s\u00eb negociatave, por jo n\u00eb partneritet me krimin, por vet\u00ebm me shqiptar\u00ebt!<\/em><\/p>\n<p><em>Era e ndryshimit \u00ebsht\u00eb shum\u00eb pran\u00eb dhe bashk\u00eb me t\u00eb, edhe Shqip\u00ebria Europiane!<\/em><\/p>\n<p>&nbsp;<\/p>","protected":false},"excerpt":{"rendered":"<p>Kryetarja e LSI-s\u00eb, Monika Kryemadhi ka komentuar progres raportin p\u00ebr Shqip\u00ebrin\u00eb, q\u00eb sipas saj \u00ebsht\u00eb nj\u00eb arsye m\u00eb shum\u00eb q\u00eb opozita dhe qytetar\u00ebt t\u00eb mos t\u00ebrhiqen nga kauza e tyre. N\u00eb nj\u00eb status n\u00eb Facebook, Kryemadhi tha se Shqip\u00ebria do ta fitoj\u00eb integrimin kur t\u00eb largohet njeriu q\u00eb e mban peng at\u00eb. Statusi i Monika [&hellip;]<\/p>\n","protected":false},"author":2013,"featured_media":70237,"comment_status":"open","ping_status":"closed","sticky":false,"template":"","format":"standard","meta":{"footnotes":""},"categories":[241,235],"tags":[],"class_list":{"0":"post-86739","1":"post","2":"type-post","3":"status-publish","4":"format-standard","5":"has-post-thumbnail","7":"category-aktualitet","8":"category-vendi"},"_links":{"self":[{"href":"https:\/\/zjarr.tv\/en\/wp-json\/wp\/v2\/posts\/86739","targetHints":{"allow":["GET"]}}],"collection":[{"href":"https:\/\/zjarr.tv\/en\/wp-json\/wp\/v2\/posts"}],"about":[{"href":"https:\/\/zjarr.tv\/en\/wp-json\/wp\/v2\/types\/post"}],"author":[{"embeddable":true,"href":"https:\/\/zjarr.tv\/en\/wp-json\/wp\/v2\/users\/2013"}],"replies":[{"embeddable":true,"href":"https:\/\/zjarr.tv\/en\/wp-json\/wp\/v2\/comments?post=86739"}],"version-history":[{"count":0,"href":"https:\/\/zjarr.tv\/en\/wp-json\/wp\/v2\/posts\/86739\/revisions"}],"wp:featuredmedia":[{"embeddable":true,"href":"https:\/\/zjarr.tv\/en\/wp-json\/wp\/v2\/media\/70237"}],"wp:attachment":[{"href":"https:\/\/zjarr.tv\/en\/wp-json\/wp\/v2\/media?parent=86739"}],"wp:term":[{"taxonomy":"category","embeddable":true,"href":"https:\/\/zjarr.tv\/en\/wp-json\/wp\/v2\/categories?post=86739"},{"taxonomy":"post_tag","embeddable":true,"href":"https:\/\/zjarr.tv\/en\/wp-json\/wp\/v2\/tags?post=86739"}],"curies":[{"name":"wp","href":"https:\/\/api.w.org\/{rel}","templated":true}]}}