{"id":86743,"date":"2019-05-30T15:42:06","date_gmt":"2019-05-30T13:42:06","guid":{"rendered":"https:\/\/zjarr.tv\/?p=86743"},"modified":"2019-05-30T15:42:06","modified_gmt":"2019-05-30T13:42:06","slug":"kolegji-zgjedhor-perjashton-fredi-bejleri-nga-gara-per-himaren","status":"publish","type":"post","link":"https:\/\/zjarr.tv\/en\/kolegji-zgjedhor-perjashton-fredi-bejleri-nga-gara-per-himaren\/","title":{"rendered":"Kolegji Zgjedhor p\u00ebrjashton Fredi Bejleri nga gara p\u00ebr Himar\u00ebn"},"content":{"rendered":"<p>Kolegji Zgjedhor ka l\u00ebn\u00eb n\u00eb fuqi vendimin e KQZ p\u00ebr kandidatin e Bashkis\u00eb Himar\u00eb Fredi Bejleri. KQZ m\u00eb her\u00ebt e kishte p\u00ebrjashtuar Bejlerin si kandidat p\u00ebr Bashkin\u00eb e Himar\u00ebs.<\/p>\n<p>Komisioni Qendror i Zgjedhjeve e p\u00ebrjashtoi Bejlein si kandidat n\u00eb bashkin\u00eb jugore t\u00eb vendit, p\u00ebr shkak t\u00eb p\u00ebrfshirjes s\u00eb emrit t\u00eb tij n\u00eb masakr\u00ebn e Peshk\u00ebpis\u00eb.\u00a0 Bejleri kandidonte p\u00ebr Bashkin\u00eb e Himar\u00ebs.<\/p>\n<p>&nbsp;<\/p>","protected":false},"excerpt":{"rendered":"<p>Kolegji Zgjedhor ka l\u00ebn\u00eb n\u00eb fuqi vendimin e KQZ p\u00ebr kandidatin e Bashkis\u00eb Himar\u00eb Fredi Bejleri. KQZ m\u00eb her\u00ebt e kishte p\u00ebrjashtuar Bejlerin si kandidat p\u00ebr Bashkin\u00eb e Himar\u00ebs. Komisioni Qendror i Zgjedhjeve e p\u00ebrjashtoi Bejlein si kandidat n\u00eb bashkin\u00eb jugore t\u00eb vendit, p\u00ebr shkak t\u00eb p\u00ebrfshirjes s\u00eb emrit t\u00eb tij n\u00eb masakr\u00ebn e Peshk\u00ebpis\u00eb.\u00a0 [&hellip;]<\/p>\n","protected":false},"author":2013,"featured_media":86744,"comment_status":"open","ping_status":"closed","sticky":false,"template":"","format":"standard","meta":{"footnotes":""},"categories":[241,235],"tags":[],"class_list":{"0":"post-86743","1":"post","2":"type-post","3":"status-publish","4":"format-standard","5":"has-post-thumbnail","7":"category-aktualitet","8":"category-vendi"},"_links":{"self":[{"href":"https:\/\/zjarr.tv\/en\/wp-json\/wp\/v2\/posts\/86743","targetHints":{"allow":["GET"]}}],"collection":[{"href":"https:\/\/zjarr.tv\/en\/wp-json\/wp\/v2\/posts"}],"about":[{"href":"https:\/\/zjarr.tv\/en\/wp-json\/wp\/v2\/types\/post"}],"author":[{"embeddable":true,"href":"https:\/\/zjarr.tv\/en\/wp-json\/wp\/v2\/users\/2013"}],"replies":[{"embeddable":true,"href":"https:\/\/zjarr.tv\/en\/wp-json\/wp\/v2\/comments?post=86743"}],"version-history":[{"count":0,"href":"https:\/\/zjarr.tv\/en\/wp-json\/wp\/v2\/posts\/86743\/revisions"}],"wp:featuredmedia":[{"embeddable":true,"href":"https:\/\/zjarr.tv\/en\/wp-json\/wp\/v2\/media\/86744"}],"wp:attachment":[{"href":"https:\/\/zjarr.tv\/en\/wp-json\/wp\/v2\/media?parent=86743"}],"wp:term":[{"taxonomy":"category","embeddable":true,"href":"https:\/\/zjarr.tv\/en\/wp-json\/wp\/v2\/categories?post=86743"},{"taxonomy":"post_tag","embeddable":true,"href":"https:\/\/zjarr.tv\/en\/wp-json\/wp\/v2\/tags?post=86743"}],"curies":[{"name":"wp","href":"https:\/\/api.w.org\/{rel}","templated":true}]}}