{"id":86749,"date":"2019-05-30T16:32:51","date_gmt":"2019-05-30T14:32:51","guid":{"rendered":"https:\/\/zjarr.tv\/?p=86749"},"modified":"2019-05-30T16:32:51","modified_gmt":"2019-05-30T14:32:51","slug":"rama-ben-parodi-maliqi-te-ndryshohet-kodi-zgjedhor","status":"publish","type":"post","link":"https:\/\/zjarr.tv\/en\/rama-ben-parodi-maliqi-te-ndryshohet-kodi-zgjedhor\/","title":{"rendered":"\u201cRama b\u00ebn parodi\u201d, Maliqi: T\u00eb ndryshohet Kodi Zgjedhor"},"content":{"rendered":"<p>Deputeti demokrat Lefter Maliqi gjat\u00eb fjal\u00ebs s\u00eb tij n\u00eb parlament tha se Rama b\u00ebn vet\u00ebm parodi n\u00eb parlament, nd\u00ebrsa shtoi se Shqip\u00ebria ka nevoj\u00eb p\u00ebr ndryshim t\u00eb Kodit Zgjedhor e vettingu n\u00eb politik\u00eb. Maliqi n\u00ebnvizon se k\u00ebta dy ligje do t\u00eb b\u00ebnin ndryshimin n\u00eb vend.<br \/>\n\u201cNuk duhet t\u00eb jemi sot n\u00eb fest\u00eb. CDU tha se Shqip\u00ebria ka probleme me korrupsionin, p\u00ebr dosjet e p\u00ebrgjimit si dhe p\u00ebr peshqit e m\u00ebdhenj, sepse ne k\u00ebtu tani kemi ngelur shum\u00eb pak, do t\u00eb thot\u00eb se k\u00ebtu jemi peshqit e vegj\u00ebl, peshqit e m\u00ebdhenj kan\u00eb dal\u00eb jasht\u00eb. I thash\u00eb dhe Kryeprokurores s\u00eb Shqip\u00ebris\u00eb, jan\u00eb mbushur burgjet me njer\u00ebz q\u00eb jan\u00eb kapur me 30 gram\u00eb drog\u00eb, p\u00ebr vjedhje energjie, p\u00ebr vepra t\u00eb ul\u00ebta, nd\u00ebrkoh\u00eb q\u00eb kriminel\u00ebt, grupet, oligark\u00ebt, ish-ministra dhe ministra, politikan\u00eb t\u00eb lidhur me k\u00ebta oligark\u00eb, vazhdojn\u00eb ta degdisin vendin n\u00eb gjendje t\u00eb keqe.<br \/>\nKryeministri m\u00eb mir\u00eb mos t\u00eb vinte. Erdhi k\u00ebtu i futi nj\u00eb parad\u00eb, e d\u00ebgjuan shqiptar\u00ebt me xhepat dhe lug\u00ebt bosh, e d\u00ebgjuan socialist\u00ebt e ndersh\u00ebm dhe t\u00eb zhg\u00ebnjyer. E d\u00ebgjuan edhe opozitar\u00ebt rrugor\u00eb, si\u00e7 thot\u00eb Nuk dua t\u00eb b\u00ebj avokatin e Partis\u00eb Demokratike, por dua t\u00eb them se n\u00eb koh\u00ebn e PD shtroheshin rrug\u00ebt edhe n\u00eb zona rurale, nd\u00ebrsa ka 6 vjet q\u00eb nuk \u00ebsht\u00eb b\u00ebr\u00eb asgj\u00eb n\u00ebp\u00ebr rrug\u00ebt rurale t\u00eb Shqip\u00ebris\u00eb, p\u00ebr shkak edhe t\u00eb reform\u00ebs territoriale t\u00eb korruptuar. Edhe te Rruga e Kombit, vun\u00eb taksa duke rrjepur kosovar\u00ebt, k\u00ebshtu edhe n\u00eb rrug\u00ebn p\u00ebr Elbasan, nd\u00ebrsa po t\u00eb ishte Sali Berisha n\u00eb pushtet, do t\u00eb kishte b\u00ebr\u00eb edhe Rrug\u00ebn e Arbrit.<br \/>\nN\u00ebse duan t\u00eb ndryshojn\u00eb Shqip\u00ebrin\u00eb, duhet t\u00eb miratohen dy ligje. E para Kodi Zgjedhor. N\u00ebse k\u00ebta duan q\u00eb ta ndryshojn\u00eb Kodin Zgjedhor, e b\u00ebjn\u00eb sistemin maxhoritar t\u00eb ndar\u00eb n\u00eb 100 zona t\u00eb past\u00ebr e me lista t\u00eb hapura dhe do shikoni se gjysma e k\u00ebtyre q\u00eb jan\u00eb n\u00eb pushtet nuk do dalin dot as deputet\u00eb. Por n\u00ebse vazhdoni q\u00eb t\u00eb miratoni se \u00e7far\u00eb thon\u00eb k\u00ebta me 2 t\u00eb tretat e votave, at\u00ebher\u00eb kemi k\u00ebt\u00eb katandisje q\u00eb ka ndodhur e po ndodh.<br \/>\nE dyta, vettingu n\u00eb politik\u00eb. E dini se po t\u00eb b\u00ebhet vettingu n\u00eb politik\u00eb, pjesa m\u00eb e madhe e deputet\u00ebve, ish-deputet\u00ebve, ministrave, ish-ministra\\ve, nuk b\u00ebhen m\u00eb as deputet\u00eb, as politikan\u00eb, nuk kalojn\u00eb dot vettingun. Por k\u00ebta b\u00ebjn\u00eb vet\u00ebm vetting me policin\u00eb me 400 euro pag\u00eb. T\u00eb gjith\u00eb k\u00ebta q\u00eb b\u00ebjn\u00eb, jan\u00eb vet\u00ebm p\u00ebr t\u00eb mbrojtur nj\u00ebri-tjetrin\u201d, tha Maliqi.<br \/>\nLefter Maliqi theksoi se vendi duhet t\u00eb shkoj\u00eb n\u00eb zgjedhje t\u00eb parakohshme, nd\u00ebrsa theksoi se n\u00eb vend duhet ndryshuar Kodi Zgjedhor, sistemi zgjedhor n\u00eb m\u00ebnyr\u00eb q\u00eb n\u00eb parlament t\u00eb shkoj\u00eb n\u00eb deputet\u00eb q\u00eb e meritojn\u00eb. Maliqi tha se deputet\u00ebt e ministrat \u201crilindas\u201d em\u00ebrohen nga oligark\u00eb, nd\u00ebrsa u shpreh se nj\u00eb socialist p\u00ebr pak desh vrau veten, pasi socialist\u00ebt e ndersh\u00ebm po humbin p\u00ebrdit\u00eb.<\/p>","protected":false},"excerpt":{"rendered":"<p>Deputeti demokrat Lefter Maliqi gjat\u00eb fjal\u00ebs s\u00eb tij n\u00eb parlament tha se Rama b\u00ebn vet\u00ebm parodi n\u00eb parlament, nd\u00ebrsa shtoi se Shqip\u00ebria ka nevoj\u00eb p\u00ebr ndryshim t\u00eb Kodit Zgjedhor e vettingu n\u00eb politik\u00eb. Maliqi n\u00ebnvizon se k\u00ebta dy ligje do t\u00eb b\u00ebnin ndryshimin n\u00eb vend. \u201cNuk duhet t\u00eb jemi sot n\u00eb fest\u00eb. CDU tha se [&hellip;]<\/p>\n","protected":false},"author":2013,"featured_media":86750,"comment_status":"open","ping_status":"closed","sticky":false,"template":"","format":"standard","meta":{"footnotes":""},"categories":[241,235],"tags":[],"class_list":{"0":"post-86749","1":"post","2":"type-post","3":"status-publish","4":"format-standard","5":"has-post-thumbnail","7":"category-aktualitet","8":"category-vendi"},"_links":{"self":[{"href":"https:\/\/zjarr.tv\/en\/wp-json\/wp\/v2\/posts\/86749","targetHints":{"allow":["GET"]}}],"collection":[{"href":"https:\/\/zjarr.tv\/en\/wp-json\/wp\/v2\/posts"}],"about":[{"href":"https:\/\/zjarr.tv\/en\/wp-json\/wp\/v2\/types\/post"}],"author":[{"embeddable":true,"href":"https:\/\/zjarr.tv\/en\/wp-json\/wp\/v2\/users\/2013"}],"replies":[{"embeddable":true,"href":"https:\/\/zjarr.tv\/en\/wp-json\/wp\/v2\/comments?post=86749"}],"version-history":[{"count":0,"href":"https:\/\/zjarr.tv\/en\/wp-json\/wp\/v2\/posts\/86749\/revisions"}],"wp:featuredmedia":[{"embeddable":true,"href":"https:\/\/zjarr.tv\/en\/wp-json\/wp\/v2\/media\/86750"}],"wp:attachment":[{"href":"https:\/\/zjarr.tv\/en\/wp-json\/wp\/v2\/media?parent=86749"}],"wp:term":[{"taxonomy":"category","embeddable":true,"href":"https:\/\/zjarr.tv\/en\/wp-json\/wp\/v2\/categories?post=86749"},{"taxonomy":"post_tag","embeddable":true,"href":"https:\/\/zjarr.tv\/en\/wp-json\/wp\/v2\/tags?post=86749"}],"curies":[{"name":"wp","href":"https:\/\/api.w.org\/{rel}","templated":true}]}}