{"id":86755,"date":"2019-05-30T16:41:00","date_gmt":"2019-05-30T14:41:00","guid":{"rendered":"https:\/\/zjarr.tv\/?p=86755"},"modified":"2019-05-30T16:41:00","modified_gmt":"2019-05-30T14:41:00","slug":"grabiste-me-arme-kapet-shqiptari-qe-terrorizonte-greqine","status":"publish","type":"post","link":"https:\/\/zjarr.tv\/en\/grabiste-me-arme-kapet-shqiptari-qe-terrorizonte-greqine\/","title":{"rendered":"Grabiste me arm\u00eb, kapet shqiptari q\u00eb \u2018terrorizonte\u2019 Greqin\u00eb"},"content":{"rendered":"<p>Nj\u00eb 27-vje\u00e7ar shqiptar u arrestua nga policia greke p\u00ebr pla\u00e7kitje n\u00eb zon\u00ebn Zografou. Ai u arrestua n\u00eb fush\u00ebn \u201ckampus\u201d t\u00eb policis\u00eb s\u00eb siguris\u00eb Subdivision t\u00eb Athin\u00ebs. I riu shqiptar akuzohej p\u00ebr grabitje n\u00eb m\u00ebnyr\u00eb t\u00eb p\u00ebrs\u00ebritur.<br \/>\nSipas policis\u00eb, autori i krimit, ka k\u00ebrc\u00ebnuar me arm\u00eb zjarri dhe n\u00eb m\u00ebnyr\u00eb sistematike ka kryer grabitje n\u00eb Agjencin\u00eb e loj\u00ebrave t\u00eb fatit. Pas nj\u00eb kontrolli n\u00eb sht\u00ebpin\u00eb e tij jan\u00eb gjetur dhe konfiskuar nj\u00eb pistolet\u00eb, 18 fishek\u00eb, nj\u00eb thik\u00eb xhepi dhe nj\u00eb sasi prej 445 euro.<br \/>\nDeri m\u00eb tani jan\u00eb zbuluar pes\u00eb raste t\u00eb pla\u00e7kitjeve, me shum\u00ebn totale t\u00eb grabitjeve prej 10,000 euro. I arrestuari u d\u00ebrgua n\u00eb prokurorin\u00eb publike t\u00eb Athin\u00ebs, nd\u00ebrsa hetimet vijojn\u00eb p\u00ebr zbardhjen e rasteve t\u00eb tjera.<\/p>","protected":false},"excerpt":{"rendered":"<p>Nj\u00eb 27-vje\u00e7ar shqiptar u arrestua nga policia greke p\u00ebr pla\u00e7kitje n\u00eb zon\u00ebn Zografou. Ai u arrestua n\u00eb fush\u00ebn \u201ckampus\u201d t\u00eb policis\u00eb s\u00eb siguris\u00eb Subdivision t\u00eb Athin\u00ebs. I riu shqiptar akuzohej p\u00ebr grabitje n\u00eb m\u00ebnyr\u00eb t\u00eb p\u00ebrs\u00ebritur. Sipas policis\u00eb, autori i krimit, ka k\u00ebrc\u00ebnuar me arm\u00eb zjarri dhe n\u00eb m\u00ebnyr\u00eb sistematike ka kryer grabitje n\u00eb Agjencin\u00eb [&hellip;]<\/p>\n","protected":false},"author":2013,"featured_media":86756,"comment_status":"open","ping_status":"closed","sticky":false,"template":"","format":"standard","meta":{"footnotes":""},"categories":[241,235],"tags":[],"class_list":{"0":"post-86755","1":"post","2":"type-post","3":"status-publish","4":"format-standard","5":"has-post-thumbnail","7":"category-aktualitet","8":"category-vendi"},"_links":{"self":[{"href":"https:\/\/zjarr.tv\/en\/wp-json\/wp\/v2\/posts\/86755","targetHints":{"allow":["GET"]}}],"collection":[{"href":"https:\/\/zjarr.tv\/en\/wp-json\/wp\/v2\/posts"}],"about":[{"href":"https:\/\/zjarr.tv\/en\/wp-json\/wp\/v2\/types\/post"}],"author":[{"embeddable":true,"href":"https:\/\/zjarr.tv\/en\/wp-json\/wp\/v2\/users\/2013"}],"replies":[{"embeddable":true,"href":"https:\/\/zjarr.tv\/en\/wp-json\/wp\/v2\/comments?post=86755"}],"version-history":[{"count":0,"href":"https:\/\/zjarr.tv\/en\/wp-json\/wp\/v2\/posts\/86755\/revisions"}],"wp:featuredmedia":[{"embeddable":true,"href":"https:\/\/zjarr.tv\/en\/wp-json\/wp\/v2\/media\/86756"}],"wp:attachment":[{"href":"https:\/\/zjarr.tv\/en\/wp-json\/wp\/v2\/media?parent=86755"}],"wp:term":[{"taxonomy":"category","embeddable":true,"href":"https:\/\/zjarr.tv\/en\/wp-json\/wp\/v2\/categories?post=86755"},{"taxonomy":"post_tag","embeddable":true,"href":"https:\/\/zjarr.tv\/en\/wp-json\/wp\/v2\/tags?post=86755"}],"curies":[{"name":"wp","href":"https:\/\/api.w.org\/{rel}","templated":true}]}}