{"id":86760,"date":"2019-05-30T16:43:50","date_gmt":"2019-05-30T14:43:50","guid":{"rendered":"https:\/\/zjarr.tv\/?p=86760"},"modified":"2019-05-30T16:43:50","modified_gmt":"2019-05-30T14:43:50","slug":"ke-kujdes-me-ppp-te-ka-munguar-konkurrenca","status":"publish","type":"post","link":"https:\/\/zjarr.tv\/en\/ke-kujdes-me-ppp-te-ka-munguar-konkurrenca\/","title":{"rendered":"KE: Kujdes me PPP-t\u00eb, ka munguar konkurrenca"},"content":{"rendered":"<p><em>Komisioni Europian ka kritikuar s\u00ebrish qeverin\u00eb n\u00eb lidhje me projektet Partneritet Privat-Publik. N\u00eb raportin e fundit theksohet se \u00a0projekte t\u00eb tilla mbartin risqe fiskale p\u00ebr ekonomin\u00eb. Edhe ekspert\u00ebt e shohin me shqet\u00ebsim k\u00ebt\u00eb situat\u00eb dhe \u00a0sugjerojn\u00eb p\u00ebr m\u00eb shum\u00eb transparenc\u00eb. \u00a0Adrian Civici deklaron se n\u00eb Shqip\u00ebri nuk ka nj\u00eb plan konkret p\u00ebr kontratat PPP t\u00eb cilat jan\u00eb nj\u00eb borxh.<\/em><\/p>\n<p>Komisioni Evropian \u00a0i k\u00ebrkon \u00a0qeveris\u00eb Edi Rama t\u00eb b\u00ebj\u00eb kujdes me koncesionet Partneritet Privat-Publik. Edhe pse n\u00eb raport theksohet se vendi ka pasur rritje pozitive ekonomike, k\u00ebto projekte shihen si nj\u00eb risk fiskal \u00a0nd\u00ebrsa borxhi publik, i cili \u00ebsht\u00eb n\u00eb nivelin 67.3% vler\u00ebsohet i lart\u00eb.<\/p>\n<p>N\u00eb raportin ku rekomandohet hapja e negociatave p\u00ebr Shqip\u00ebrin\u00eb \u00a0thuhet nd\u00ebr t\u00eb tjera se pjesa m\u00eb e madhe e kontratave PPP jan\u00eb p\u00ebrzgjedhur n\u00eb baz\u00ebn e ofertave t\u00eb pa k\u00ebrkuara, \u00e7ka redukton konkurrenc\u00ebn n\u00eb prokurime.<\/p>\n<p>Ekspert\u00ebt e ekonomis\u00eb argumentojn\u00eb se me k\u00ebto nisma po c\u00ebnohet q\u00ebndrueshm\u00ebria ekonomike e vendit madje<\/p>\n<p><strong>Adrian Civici:<\/strong>\u00a0<em>\u00cbsht\u00eb mungesa e planeve konkrete p\u00ebrsa i p\u00ebrket fizibilitetit t\u00eb tyre. Na mungon nj\u00eb hart\u00eb e investimeve strategjike q\u00eb ka nevoj\u00eb vendi q\u00eb pastaj ta ballafaqojm\u00eb k\u00ebt\u00eb n\u00ebse kjo korrespondon me PPP.<\/em><\/p>\n<p>Civici k\u00ebrkon prej qeveris\u00eb t\u00eb b\u00ebj\u00eb transparenc\u00eb p\u00ebr k\u00ebto nisma \u00a0duke i konsideruar nj\u00eb borxh t\u00eb shtuar.<\/p>\n<p><strong>Adrian Civici:<\/strong>\u00a0<em>N\u00eb vetvete po e anulove \u00ebsht\u00eb borxh publik, pavar\u00ebsisht nga m\u00ebnyra si interpretohet. N\u00ebse nuk i v\u00ebm\u00eb emrin borxh, \u00ebsht\u00eb detyrim buxhetor p\u00ebr tu shlyer n\u00eb vitet n\u00eb vazhdim.<\/em><\/p>\n<p>Shqet\u00ebsim n\u00eb lidhje me projektet PPP kan\u00eb ngritur edhe institucione nd\u00ebrkomb\u00ebtare financiare si Banka Bot\u00ebrore dhe Fondi Monetar Nd\u00ebrkomb\u00ebtar. Edhe pse \u00ebsht\u00eb kaluar n\u00eb komisione ligji i cili ndalon ofertat e pak\u00ebrkura p\u00ebr PPP-t\u00eb p\u00ebr infrastruktur\u00eb \u00a0ende nuk \u00ebsht\u00eb miratuar.<\/p>\n<p>&nbsp;<\/p>","protected":false},"excerpt":{"rendered":"<p>Komisioni Europian ka kritikuar s\u00ebrish qeverin\u00eb n\u00eb lidhje me projektet Partneritet Privat-Publik. N\u00eb raportin e fundit theksohet se \u00a0projekte t\u00eb tilla mbartin risqe fiskale p\u00ebr ekonomin\u00eb. Edhe ekspert\u00ebt e shohin me shqet\u00ebsim k\u00ebt\u00eb situat\u00eb dhe \u00a0sugjerojn\u00eb p\u00ebr m\u00eb shum\u00eb transparenc\u00eb. \u00a0Adrian Civici deklaron se n\u00eb Shqip\u00ebri nuk ka nj\u00eb plan konkret p\u00ebr kontratat PPP t\u00eb [&hellip;]<\/p>\n","protected":false},"author":2013,"featured_media":86761,"comment_status":"open","ping_status":"closed","sticky":false,"template":"","format":"standard","meta":{"footnotes":""},"categories":[241,235],"tags":[],"class_list":{"0":"post-86760","1":"post","2":"type-post","3":"status-publish","4":"format-standard","5":"has-post-thumbnail","7":"category-aktualitet","8":"category-vendi"},"_links":{"self":[{"href":"https:\/\/zjarr.tv\/en\/wp-json\/wp\/v2\/posts\/86760","targetHints":{"allow":["GET"]}}],"collection":[{"href":"https:\/\/zjarr.tv\/en\/wp-json\/wp\/v2\/posts"}],"about":[{"href":"https:\/\/zjarr.tv\/en\/wp-json\/wp\/v2\/types\/post"}],"author":[{"embeddable":true,"href":"https:\/\/zjarr.tv\/en\/wp-json\/wp\/v2\/users\/2013"}],"replies":[{"embeddable":true,"href":"https:\/\/zjarr.tv\/en\/wp-json\/wp\/v2\/comments?post=86760"}],"version-history":[{"count":0,"href":"https:\/\/zjarr.tv\/en\/wp-json\/wp\/v2\/posts\/86760\/revisions"}],"wp:featuredmedia":[{"embeddable":true,"href":"https:\/\/zjarr.tv\/en\/wp-json\/wp\/v2\/media\/86761"}],"wp:attachment":[{"href":"https:\/\/zjarr.tv\/en\/wp-json\/wp\/v2\/media?parent=86760"}],"wp:term":[{"taxonomy":"category","embeddable":true,"href":"https:\/\/zjarr.tv\/en\/wp-json\/wp\/v2\/categories?post=86760"},{"taxonomy":"post_tag","embeddable":true,"href":"https:\/\/zjarr.tv\/en\/wp-json\/wp\/v2\/tags?post=86760"}],"curies":[{"name":"wp","href":"https:\/\/api.w.org\/{rel}","templated":true}]}}