{"id":86763,"date":"2019-05-30T16:45:22","date_gmt":"2019-05-30T14:45:22","guid":{"rendered":"https:\/\/zjarr.tv\/?p=86763"},"modified":"2019-05-30T16:45:22","modified_gmt":"2019-05-30T14:45:22","slug":"manjani-sorecas-pse-parlamentet-e-vendeve-anetare-e-pasqyrojne-realitetin-ne-shqiperi-me-mire-se-ty","status":"publish","type":"post","link":"https:\/\/zjarr.tv\/en\/manjani-sorecas-pse-parlamentet-e-vendeve-anetare-e-pasqyrojne-realitetin-ne-shqiperi-me-mire-se-ty\/","title":{"rendered":"Manjani-Sorecas: Pse parlamentet e vendeve an\u00ebtare e pasqyrojn\u00eb realitetin n\u00eb Shqip\u00ebri m\u00eb mir\u00eb se ty?!"},"content":{"rendered":"<p>Gjermania, Holanda, Franca dhe Danimarka jan\u00eb 4 vendet an\u00ebtare t\u00eb BE skeptike p\u00ebr hapjen e negociatave me Shqip\u00ebrin\u00eb.<\/p>\n<p>Si\u00e7 \u00ebsht\u00eb raportuar edhe m\u00eb her\u00ebt n\u00eb Syri.net, grupi parlamentar CDU\/CSU, pjes\u00eb e qeveris\u00eb n\u00eb Berlin, jan\u00eb shprehur gjat\u00eb dit\u00ebs s\u00eb sotme, n\u00eb nj\u00eb deklarat\u00eb publike, z\u00ebvend\u00ebskryetari i grupit parlamentar CDU\/CSU dhe nj\u00ebherazi kryetar i grupit parlamentar t\u00eb Ballkanit Per\u00ebndimor, Johann David Wadephul, thot\u00eb se Shqip\u00ebria nuk ka plot\u00ebsuar asnj\u00eb nga kushtet e caktuara n\u00eb K\u00ebshillin e Ministrave t\u00eb Jasht\u00ebm, t\u00eb dat\u00ebs 28 qershor 2018.<\/p>\n<p>Lidhur me k\u00ebt\u00eb zhvillim ka reaguar edhe ish-ministri Ylli Manjani.<\/p>\n<p>P\u00ebrmes nj\u00eb postimi n\u00eb Facebook, Manjani nuk heziton t\u00eb \u201cngacmoj\u00eb\u201d edhe zyrtar\u00ebt e BE n\u00eb vendin ton\u00eb, m\u00eb sakt\u00eb ambasadorin Luigi Soreca, i cili sipas tij, nuk pasqyrojn\u00eb realitetin n\u00eb vendin ton\u00eb.<\/p>\n<p>\u201cSi ka mund\u00ebsi q\u00eb parlamenti gjerman, hollandez, francez, danez e nuk e di tjet\u00ebr e njohin dhe e pasqyrojn\u00eb realitetin ton\u00eb shum\u00eb m\u00eb mir\u00eb e korrekt s\u00eb Soreca dhe shefat e tij burrokrat\u00eb n\u00eb Bruksel?!\u201d, shkruan n\u00eb postimin e tij Ylli Manjani.<\/p>\n<p>&nbsp;<\/p>\n<p>&nbsp;<\/p>","protected":false},"excerpt":{"rendered":"<p>Gjermania, Holanda, Franca dhe Danimarka jan\u00eb 4 vendet an\u00ebtare t\u00eb BE skeptike p\u00ebr hapjen e negociatave me Shqip\u00ebrin\u00eb. Si\u00e7 \u00ebsht\u00eb raportuar edhe m\u00eb her\u00ebt n\u00eb Syri.net, grupi parlamentar CDU\/CSU, pjes\u00eb e qeveris\u00eb n\u00eb Berlin, jan\u00eb shprehur gjat\u00eb dit\u00ebs s\u00eb sotme, n\u00eb nj\u00eb deklarat\u00eb publike, z\u00ebvend\u00ebskryetari i grupit parlamentar CDU\/CSU dhe nj\u00ebherazi kryetar i grupit parlamentar [&hellip;]<\/p>\n","protected":false},"author":2013,"featured_media":59856,"comment_status":"open","ping_status":"closed","sticky":false,"template":"","format":"standard","meta":{"footnotes":""},"categories":[241,235],"tags":[],"class_list":{"0":"post-86763","1":"post","2":"type-post","3":"status-publish","4":"format-standard","5":"has-post-thumbnail","7":"category-aktualitet","8":"category-vendi"},"_links":{"self":[{"href":"https:\/\/zjarr.tv\/en\/wp-json\/wp\/v2\/posts\/86763","targetHints":{"allow":["GET"]}}],"collection":[{"href":"https:\/\/zjarr.tv\/en\/wp-json\/wp\/v2\/posts"}],"about":[{"href":"https:\/\/zjarr.tv\/en\/wp-json\/wp\/v2\/types\/post"}],"author":[{"embeddable":true,"href":"https:\/\/zjarr.tv\/en\/wp-json\/wp\/v2\/users\/2013"}],"replies":[{"embeddable":true,"href":"https:\/\/zjarr.tv\/en\/wp-json\/wp\/v2\/comments?post=86763"}],"version-history":[{"count":0,"href":"https:\/\/zjarr.tv\/en\/wp-json\/wp\/v2\/posts\/86763\/revisions"}],"wp:featuredmedia":[{"embeddable":true,"href":"https:\/\/zjarr.tv\/en\/wp-json\/wp\/v2\/media\/59856"}],"wp:attachment":[{"href":"https:\/\/zjarr.tv\/en\/wp-json\/wp\/v2\/media?parent=86763"}],"wp:term":[{"taxonomy":"category","embeddable":true,"href":"https:\/\/zjarr.tv\/en\/wp-json\/wp\/v2\/categories?post=86763"},{"taxonomy":"post_tag","embeddable":true,"href":"https:\/\/zjarr.tv\/en\/wp-json\/wp\/v2\/tags?post=86763"}],"curies":[{"name":"wp","href":"https:\/\/api.w.org\/{rel}","templated":true}]}}