{"id":86771,"date":"2019-05-30T19:20:05","date_gmt":"2019-05-30T17:20:05","guid":{"rendered":"https:\/\/zjarr.tv\/?p=86771"},"modified":"2019-05-30T16:56:02","modified_gmt":"2019-05-30T14:56:02","slug":"merkel-mohon-se-ka-perplasje-me-pasardhesen-e-saj","status":"publish","type":"post","link":"https:\/\/zjarr.tv\/en\/merkel-mohon-se-ka-perplasje-me-pasardhesen-e-saj\/","title":{"rendered":"Merkel mohon se ka p\u00ebrplasje me pasardh\u00ebsen e saj"},"content":{"rendered":"<p>Kancelarja gjermane, Angela Merkel ka hedhur posht\u00eb raportimet se ajo beson q\u00eb pasardh\u00ebsja e saj si lidere e partis\u00eb, Unioni Demo-Kristian (CDU), Annegret Kramp-Karrenbauer nuk \u00ebsht\u00eb e denj\u00eb p\u00ebr k\u00ebt\u00eb pozit\u00eb.<\/p>\n<p>Ky pretendim, q\u00eb \u00ebsht\u00eb cil\u00ebsuar nga Merkel si i palogjiksh\u00ebm, \u00ebsht\u00eb b\u00ebr\u00eb nga dy zyrtar\u00eb t\u00eb paidentifikuar, n\u00eb nj\u00eb artikull n\u00eb Bloomberg gjat\u00eb dit\u00ebs s\u00eb mart\u00eb.<\/p>\n<p>Kramp-Karrenbauer do t\u00eb nis\u00eb s\u00eb udh\u00ebhequri CDU-n\u00eb, vitin e ardhsh\u00ebm.<\/p>\n<p>Ajo \u00ebsht\u00eb kritikuar s\u00eb fundmi p\u00ebr komentet q\u00eb ka dh\u00ebn\u00eb lidhur me rregullat e debatit dhe se si krijohet opinioni publik online.<\/p>\n<p>Kjo deklarat\u00eb e saj ka ardhur pas nj\u00eb videoje t\u00eb publikuar n\u00eb YouTube, n\u00eb t\u00eb cil\u00ebn Qeveria akuzohet p\u00ebr d\u00ebshtim t\u00eb luftimit t\u00eb ndryshimeve klimatike.<\/p>\n<p>Si pasoj\u00eb, shum\u00eb persona u kan\u00eb k\u00ebrkuar votuesve gjerman\u00eb q\u00eb t\u00eb mos votojn\u00eb p\u00ebr partin\u00eb CDU dhe partner\u00ebt e koalicionit, Social-Demokrat\u00ebt.<\/p>\n<p>N\u00eb nj\u00eb konferenc\u00eb p\u00ebr media t\u00eb h\u00ebn\u00ebn, Kramp-Karrenbauer, u ka th\u00ebn\u00eb gazetar\u00ebve: \u00c7far\u00eb do t\u00eb ndodhte n\u00eb k\u00ebt\u00eb shtet, n\u00ebse, le t\u00eb themi 70 gazeta do t\u00eb vendosnin dy dit\u00eb para zgjedhjeve, t\u00eb b\u00ebnin nj\u00eb thirrje t\u00eb p\u00ebrbashk\u00ebt: Mos votoni p\u00ebr CDU-n\u00eb dhe SPD-n\u00eb?\u201d<\/p>\n<p>Megjithat\u00eb, m\u00eb von\u00eb ajo ka th\u00ebn\u00eb p\u00ebrmes nj\u00eb postimi n\u00eb Twitter se ka qen\u00eb \u201cabsurde\u201d kur \u00ebsht\u00eb akuzuar se synon t\u00eb rregulloj\u00eb lirin\u00eb e shprehjes.<\/p>\n<p>Merkel po ashtu ka mbrojtur at\u00eb duke th\u00ebn\u00eb:<\/p>\n<p>\u201cSecili q\u00eb un\u00eb e njoh n\u00eb CDU \u00ebsht\u00eb i p\u00ebrkushtuar p\u00ebr liri t\u00eb mendimit, si rregull par\u00ebsor\u201d.<\/p>\n<p>Pavar\u00ebsisht rritjes s\u00eb numrit t\u00eb votuesve gjat\u00eb gar\u00ebs p\u00ebr Parlamentin Evropian t\u00eb diel\u00ebn, blloku konservator i Merkelit ka sh\u00ebnuar rezultatin m\u00eb t\u00eb keq prej Luft\u00ebs s\u00eb Dyt\u00eb Bot\u00ebrore.<\/p>\n<p>Partia e saj, Unioni Demo-Kristian dhe partia e saj simot\u00ebr, SPD, kan\u00eb arritur t\u00eb jen\u00eb t\u00eb parat, me 28.9 p\u00ebr qind t\u00eb votave mir\u00ebpo mb\u00ebshtetja p\u00ebr to ka r\u00ebn\u00eb p\u00ebr 7 p\u00ebr qind, n\u00eb krahasim me zgjedhjet e fundit t\u00eb mbajtura kat\u00ebr vjet m\u00eb par\u00eb.\/Rel<\/p>\n<p>&nbsp;<\/p>","protected":false},"excerpt":{"rendered":"<p>Kancelarja gjermane, Angela Merkel ka hedhur posht\u00eb raportimet se ajo beson q\u00eb pasardh\u00ebsja e saj si lidere e partis\u00eb, Unioni Demo-Kristian (CDU), Annegret Kramp-Karrenbauer nuk \u00ebsht\u00eb e denj\u00eb p\u00ebr k\u00ebt\u00eb pozit\u00eb. Ky pretendim, q\u00eb \u00ebsht\u00eb cil\u00ebsuar nga Merkel si i palogjiksh\u00ebm, \u00ebsht\u00eb b\u00ebr\u00eb nga dy zyrtar\u00eb t\u00eb paidentifikuar, n\u00eb nj\u00eb artikull n\u00eb Bloomberg gjat\u00eb dit\u00ebs [&hellip;]<\/p>\n","protected":false},"author":2013,"featured_media":46003,"comment_status":"open","ping_status":"closed","sticky":false,"template":"","format":"standard","meta":{"footnotes":""},"categories":[241,191],"tags":[],"class_list":{"0":"post-86771","1":"post","2":"type-post","3":"status-publish","4":"format-standard","5":"has-post-thumbnail","7":"category-aktualitet","8":"category-bota"},"_links":{"self":[{"href":"https:\/\/zjarr.tv\/en\/wp-json\/wp\/v2\/posts\/86771","targetHints":{"allow":["GET"]}}],"collection":[{"href":"https:\/\/zjarr.tv\/en\/wp-json\/wp\/v2\/posts"}],"about":[{"href":"https:\/\/zjarr.tv\/en\/wp-json\/wp\/v2\/types\/post"}],"author":[{"embeddable":true,"href":"https:\/\/zjarr.tv\/en\/wp-json\/wp\/v2\/users\/2013"}],"replies":[{"embeddable":true,"href":"https:\/\/zjarr.tv\/en\/wp-json\/wp\/v2\/comments?post=86771"}],"version-history":[{"count":0,"href":"https:\/\/zjarr.tv\/en\/wp-json\/wp\/v2\/posts\/86771\/revisions"}],"wp:featuredmedia":[{"embeddable":true,"href":"https:\/\/zjarr.tv\/en\/wp-json\/wp\/v2\/media\/46003"}],"wp:attachment":[{"href":"https:\/\/zjarr.tv\/en\/wp-json\/wp\/v2\/media?parent=86771"}],"wp:term":[{"taxonomy":"category","embeddable":true,"href":"https:\/\/zjarr.tv\/en\/wp-json\/wp\/v2\/categories?post=86771"},{"taxonomy":"post_tag","embeddable":true,"href":"https:\/\/zjarr.tv\/en\/wp-json\/wp\/v2\/tags?post=86771"}],"curies":[{"name":"wp","href":"https:\/\/api.w.org\/{rel}","templated":true}]}}