{"id":86776,"date":"2019-05-30T19:40:10","date_gmt":"2019-05-30T17:40:10","guid":{"rendered":"https:\/\/zjarr.tv\/?p=86776"},"modified":"2019-05-30T17:03:23","modified_gmt":"2019-05-30T15:03:23","slug":"dermaku-arrin-akordin-me-ekipin-legjendar","status":"publish","type":"post","link":"https:\/\/zjarr.tv\/en\/dermaku-arrin-akordin-me-ekipin-legjendar\/","title":{"rendered":"Dermaku arrin akordin me ekipin legjendar"},"content":{"rendered":"<p>Refuzimet kan\u00eb marr\u00eb fund dhe Kastriot Dermaku duket se ka vendosur tashm\u00eb p\u00ebr t\u00eb ardhmen. Mbrojt\u00ebsi i komb\u00ebtares shqiptare m\u00ebsohet se ka arritur akordin me ekipin e Seria A, Parma.<\/p>\n<p>Lajmi b\u00ebhet i ditur nga &#8220;CosenzaPost.it&#8221;, q\u00eb pohon se Dermaku \u00ebsht\u00eb bindur nga oferta e ekipit Ducale. Nj\u00eb goditje &#8220;low-coast&#8221; kjo nga Parma, duke par\u00eb q\u00eb kontrata e Dermakut me Cosenza skadon n\u00eb fund t\u00eb k\u00ebtij sezoni.<\/p>\n<p>Aktualisht Dermaku \u00ebsht\u00eb pjes\u00eb e komb\u00ebtares shqiptare dhe pas takimit me Moldavin\u00eb, m\u00eb 11 qershor pritet q\u00eb t\u00eb zyrtarizohet me ekipin e ri.<\/p>\n<p>&nbsp;<\/p>","protected":false},"excerpt":{"rendered":"<p>Refuzimet kan\u00eb marr\u00eb fund dhe Kastriot Dermaku duket se ka vendosur tashm\u00eb p\u00ebr t\u00eb ardhmen. Mbrojt\u00ebsi i komb\u00ebtares shqiptare m\u00ebsohet se ka arritur akordin me ekipin e Seria A, Parma. Lajmi b\u00ebhet i ditur nga &#8220;CosenzaPost.it&#8221;, q\u00eb pohon se Dermaku \u00ebsht\u00eb bindur nga oferta e ekipit Ducale. Nj\u00eb goditje &#8220;low-coast&#8221; kjo nga Parma, duke par\u00eb [&hellip;]<\/p>\n","protected":false},"author":2013,"featured_media":86777,"comment_status":"open","ping_status":"closed","sticky":false,"template":"","format":"standard","meta":{"footnotes":""},"categories":[241,192],"tags":[],"class_list":{"0":"post-86776","1":"post","2":"type-post","3":"status-publish","4":"format-standard","5":"has-post-thumbnail","7":"category-aktualitet","8":"category-sport"},"_links":{"self":[{"href":"https:\/\/zjarr.tv\/en\/wp-json\/wp\/v2\/posts\/86776","targetHints":{"allow":["GET"]}}],"collection":[{"href":"https:\/\/zjarr.tv\/en\/wp-json\/wp\/v2\/posts"}],"about":[{"href":"https:\/\/zjarr.tv\/en\/wp-json\/wp\/v2\/types\/post"}],"author":[{"embeddable":true,"href":"https:\/\/zjarr.tv\/en\/wp-json\/wp\/v2\/users\/2013"}],"replies":[{"embeddable":true,"href":"https:\/\/zjarr.tv\/en\/wp-json\/wp\/v2\/comments?post=86776"}],"version-history":[{"count":0,"href":"https:\/\/zjarr.tv\/en\/wp-json\/wp\/v2\/posts\/86776\/revisions"}],"wp:featuredmedia":[{"embeddable":true,"href":"https:\/\/zjarr.tv\/en\/wp-json\/wp\/v2\/media\/86777"}],"wp:attachment":[{"href":"https:\/\/zjarr.tv\/en\/wp-json\/wp\/v2\/media?parent=86776"}],"wp:term":[{"taxonomy":"category","embeddable":true,"href":"https:\/\/zjarr.tv\/en\/wp-json\/wp\/v2\/categories?post=86776"},{"taxonomy":"post_tag","embeddable":true,"href":"https:\/\/zjarr.tv\/en\/wp-json\/wp\/v2\/tags?post=86776"}],"curies":[{"name":"wp","href":"https:\/\/api.w.org\/{rel}","templated":true}]}}