{"id":86779,"date":"2019-05-30T19:50:23","date_gmt":"2019-05-30T17:50:23","guid":{"rendered":"https:\/\/zjarr.tv\/?p=86779"},"modified":"2019-05-30T17:07:28","modified_gmt":"2019-05-30T15:07:28","slug":"uefa-ndez-driten-jeshile-asnje-pengese-per-ndeshjet-nderkombetare-te-kosoves","status":"publish","type":"post","link":"https:\/\/zjarr.tv\/en\/uefa-ndez-driten-jeshile-asnje-pengese-per-ndeshjet-nderkombetare-te-kosoves\/","title":{"rendered":"UEFA ndez drit\u00ebn jeshile, asnj\u00eb penges\u00eb p\u00ebr ndeshjet nd\u00ebrkomb\u00ebtare t\u00eb Kosov\u00ebs"},"content":{"rendered":"<p>Pranimi i pavar\u00ebsis\u00eb s\u00eb saj nuk do t\u00eb jet\u00eb penges\u00eb q\u00eb Kosova t\u00eb luaj takime miq\u00ebsore dhe jo vet\u00ebm me komb\u00ebtare si Azerbajxhani, Rumania, Rusia dhe Spanja.<\/p>\n<p>Lajmi \u00ebsht\u00eb konfirmuar nga Presidenti i UEFA-s, Aleksander Ceferin, i cili tha se politika i obligon t\u00eb gjitha ekipet tjera t\u00eb pranojn\u00eb t\u00eb luajn\u00eb kund\u00ebr komb\u00ebtares s\u00eb Kosov\u00ebs, qoft\u00eb n\u00eb territorin e tyre apo n\u00eb territorin e Kosov\u00ebs.<\/p>\n<p>Kosova njihet nga t\u00eb gjith\u00eb kund\u00ebrshtar\u00ebt e saj n\u00eb grupin aktual t\u00eb kualifikimit p\u00ebr Kampionatin Evropian: Bullgaria, Republika \u00c7eke dhe Mali i Zi, si dhe Qeveria britanike p\u00ebr Anglin\u00eb. Kosova \u00ebsht\u00eb b\u00ebr\u00eb an\u00ebtare e plot\u00eb e UEFA-s n\u00eb vitin 2016.<\/p>\n<p>Kosova ka ende shanse t\u00eb kualifikohet p\u00ebr Kampionatin Evropian m\u00eb 2020 dhe kat\u00ebr nga 11 vendet q\u00eb do t&#8221;i organizojn\u00eb loj\u00ebrat e turneut t\u00eb vitit t\u00eb ardhsh\u00ebm, nuk e njohin pavar\u00ebsin\u00eb e Kosov\u00ebs.<\/p>\n<p>&nbsp;<\/p>","protected":false},"excerpt":{"rendered":"<p>Pranimi i pavar\u00ebsis\u00eb s\u00eb saj nuk do t\u00eb jet\u00eb penges\u00eb q\u00eb Kosova t\u00eb luaj takime miq\u00ebsore dhe jo vet\u00ebm me komb\u00ebtare si Azerbajxhani, Rumania, Rusia dhe Spanja. Lajmi \u00ebsht\u00eb konfirmuar nga Presidenti i UEFA-s, Aleksander Ceferin, i cili tha se politika i obligon t\u00eb gjitha ekipet tjera t\u00eb pranojn\u00eb t\u00eb luajn\u00eb kund\u00ebr komb\u00ebtares s\u00eb Kosov\u00ebs, [&hellip;]<\/p>\n","protected":false},"author":2013,"featured_media":86780,"comment_status":"open","ping_status":"closed","sticky":false,"template":"","format":"standard","meta":{"footnotes":""},"categories":[241,192],"tags":[],"class_list":{"0":"post-86779","1":"post","2":"type-post","3":"status-publish","4":"format-standard","5":"has-post-thumbnail","7":"category-aktualitet","8":"category-sport"},"_links":{"self":[{"href":"https:\/\/zjarr.tv\/en\/wp-json\/wp\/v2\/posts\/86779","targetHints":{"allow":["GET"]}}],"collection":[{"href":"https:\/\/zjarr.tv\/en\/wp-json\/wp\/v2\/posts"}],"about":[{"href":"https:\/\/zjarr.tv\/en\/wp-json\/wp\/v2\/types\/post"}],"author":[{"embeddable":true,"href":"https:\/\/zjarr.tv\/en\/wp-json\/wp\/v2\/users\/2013"}],"replies":[{"embeddable":true,"href":"https:\/\/zjarr.tv\/en\/wp-json\/wp\/v2\/comments?post=86779"}],"version-history":[{"count":0,"href":"https:\/\/zjarr.tv\/en\/wp-json\/wp\/v2\/posts\/86779\/revisions"}],"wp:featuredmedia":[{"embeddable":true,"href":"https:\/\/zjarr.tv\/en\/wp-json\/wp\/v2\/media\/86780"}],"wp:attachment":[{"href":"https:\/\/zjarr.tv\/en\/wp-json\/wp\/v2\/media?parent=86779"}],"wp:term":[{"taxonomy":"category","embeddable":true,"href":"https:\/\/zjarr.tv\/en\/wp-json\/wp\/v2\/categories?post=86779"},{"taxonomy":"post_tag","embeddable":true,"href":"https:\/\/zjarr.tv\/en\/wp-json\/wp\/v2\/tags?post=86779"}],"curies":[{"name":"wp","href":"https:\/\/api.w.org\/{rel}","templated":true}]}}