{"id":86787,"date":"2019-05-30T17:10:47","date_gmt":"2019-05-30T15:10:47","guid":{"rendered":"https:\/\/zjarr.tv\/?p=86787"},"modified":"2019-05-30T17:10:47","modified_gmt":"2019-05-30T15:10:47","slug":"pritje-madheshtore-bashes-ne-kurbin","status":"publish","type":"post","link":"https:\/\/zjarr.tv\/en\/pritje-madheshtore-bashes-ne-kurbin\/","title":{"rendered":"Pritje madh\u00ebshtore Bash\u00ebs n\u00eb Kurbin"},"content":{"rendered":"<p>Pas Elbasanit dhe Fierit, sot kreu i PD-s\u00eb do t\u00eb jet\u00eb pas pak n\u00eb nj\u00eb takim me qytetar\u00ebt e Kurbinit.<\/p>\n<p>Liderit t\u00eb opozit\u00ebs i \u00ebsht\u00eb rezervuar nj\u00eb pritje e ngroht\u00eb n\u00eb hyrje t\u00eb qytetit, ku qindra qytetar\u00eb me makina dhe flamuj kan\u00eb dal\u00eb p\u00ebr ta pritur.<\/p>\n<p>Takimet e kreut demokrat vijn\u00eb pak dit\u00eb nga protesta e shtat\u00eb komb\u00ebtare e opozit\u00ebs s\u00eb bashkuar, e programuar p\u00ebr tu zhvilluar para kryeministris\u00eb m\u00eb 2 qershor, ora 19:00.<\/p>\n<p>&nbsp;<\/p>","protected":false},"excerpt":{"rendered":"<p>Pas Elbasanit dhe Fierit, sot kreu i PD-s\u00eb do t\u00eb jet\u00eb pas pak n\u00eb nj\u00eb takim me qytetar\u00ebt e Kurbinit. Liderit t\u00eb opozit\u00ebs i \u00ebsht\u00eb rezervuar nj\u00eb pritje e ngroht\u00eb n\u00eb hyrje t\u00eb qytetit, ku qindra qytetar\u00eb me makina dhe flamuj kan\u00eb dal\u00eb p\u00ebr ta pritur. Takimet e kreut demokrat vijn\u00eb pak dit\u00eb nga protesta [&hellip;]<\/p>\n","protected":false},"author":2013,"featured_media":85052,"comment_status":"open","ping_status":"closed","sticky":false,"template":"","format":"standard","meta":{"footnotes":""},"categories":[241,235],"tags":[],"class_list":{"0":"post-86787","1":"post","2":"type-post","3":"status-publish","4":"format-standard","5":"has-post-thumbnail","7":"category-aktualitet","8":"category-vendi"},"_links":{"self":[{"href":"https:\/\/zjarr.tv\/en\/wp-json\/wp\/v2\/posts\/86787","targetHints":{"allow":["GET"]}}],"collection":[{"href":"https:\/\/zjarr.tv\/en\/wp-json\/wp\/v2\/posts"}],"about":[{"href":"https:\/\/zjarr.tv\/en\/wp-json\/wp\/v2\/types\/post"}],"author":[{"embeddable":true,"href":"https:\/\/zjarr.tv\/en\/wp-json\/wp\/v2\/users\/2013"}],"replies":[{"embeddable":true,"href":"https:\/\/zjarr.tv\/en\/wp-json\/wp\/v2\/comments?post=86787"}],"version-history":[{"count":0,"href":"https:\/\/zjarr.tv\/en\/wp-json\/wp\/v2\/posts\/86787\/revisions"}],"wp:featuredmedia":[{"embeddable":true,"href":"https:\/\/zjarr.tv\/en\/wp-json\/wp\/v2\/media\/85052"}],"wp:attachment":[{"href":"https:\/\/zjarr.tv\/en\/wp-json\/wp\/v2\/media?parent=86787"}],"wp:term":[{"taxonomy":"category","embeddable":true,"href":"https:\/\/zjarr.tv\/en\/wp-json\/wp\/v2\/categories?post=86787"},{"taxonomy":"post_tag","embeddable":true,"href":"https:\/\/zjarr.tv\/en\/wp-json\/wp\/v2\/tags?post=86787"}],"curies":[{"name":"wp","href":"https:\/\/api.w.org\/{rel}","templated":true}]}}