{"id":86800,"date":"2019-05-30T20:30:40","date_gmt":"2019-05-30T18:30:40","guid":{"rendered":"https:\/\/zjarr.tv\/?p=86800"},"modified":"2019-05-30T17:37:59","modified_gmt":"2019-05-30T15:37:59","slug":"biseda-telefonike-cfare-i-kerkoi-erdogan-presidentit-trump","status":"publish","type":"post","link":"https:\/\/zjarr.tv\/en\/biseda-telefonike-cfare-i-kerkoi-erdogan-presidentit-trump\/","title":{"rendered":"Biseda telefonike, \u00e7far\u00eb i k\u00ebrkoi Erdogan presidentit Trump"},"content":{"rendered":"<p>Presidenti i Turqis\u00eb, Recep Tayyip\u00a0Erdo?an, ka zhvilluar nj\u00eb bised\u00eb telefonike me presidentin e SHBA-ve, Donald Trump, transmeton Anadolu Agency (AA).<\/p>\n<p>Shefi i Zyr\u00ebs s\u00eb Komunikimeve i Presidenc\u00ebs s\u00eb Turqis\u00eb, Fahrettin Altun, detajet rreth bised\u00ebs i b\u00ebri t\u00eb ditura\u00a0n\u00ebp\u00ebrmjet rrjetit social Twitter.<\/p>\n<p>\u201cN\u00eb bised\u00eb jan\u00eb trajtuar \u00e7\u00ebshtjet bilaterale dhe rajonale. Presidenti yn\u00eb ka p\u00ebrs\u00ebritur propozimin p\u00ebr themelimin e nj\u00eb grupi t\u00eb p\u00ebrbashk\u00ebt punues n\u00eb lidhje me sistemin e mbrojtjes raketore S-400 t\u00eb cilat planifikohen t\u00eb furnizohen nga Federata e Rusis\u00eb p\u00ebr nevojat tona t\u00eb siguris\u00eb komb\u00ebtare\u201d, ka shkruar ai.<\/p>\n<p>\u201cGjithashtu n\u00eb bised\u00eb \u00ebsht\u00eb ndar\u00eb vullneti p\u00ebr t\u00ebrheqjen e tarif\u00ebs shtes\u00eb p\u00ebr sektorin e \u00e7elikut, vendim p\u00ebr t\u00eb cilin \u00ebsht\u00eb theksuar se do t\u00eb kontribuoj\u00eb n\u00eb\u00a0arritjen\u00a0e synimit\u00a0t\u00eb tregtis\u00eb bilaterale prej 75 miliard\u00eb dollar\u00eb\u201d, potencoi Altun.<\/p>\n<p>T\u00eb dy lider\u00ebt kan\u00eb rene dakord q\u00eb t\u00eb takohen n\u00eb Samitin G20, e cila do t\u00eb organizohet n\u00eb Japoni.<\/p>\n<p>&nbsp;<\/p>","protected":false},"excerpt":{"rendered":"<p>Presidenti i Turqis\u00eb, Recep Tayyip\u00a0Erdo?an, ka zhvilluar nj\u00eb bised\u00eb telefonike me presidentin e SHBA-ve, Donald Trump, transmeton Anadolu Agency (AA). Shefi i Zyr\u00ebs s\u00eb Komunikimeve i Presidenc\u00ebs s\u00eb Turqis\u00eb, Fahrettin Altun, detajet rreth bised\u00ebs i b\u00ebri t\u00eb ditura\u00a0n\u00ebp\u00ebrmjet rrjetit social Twitter. \u201cN\u00eb bised\u00eb jan\u00eb trajtuar \u00e7\u00ebshtjet bilaterale dhe rajonale. Presidenti yn\u00eb ka p\u00ebrs\u00ebritur propozimin p\u00ebr [&hellip;]<\/p>\n","protected":false},"author":2013,"featured_media":86802,"comment_status":"open","ping_status":"closed","sticky":false,"template":"","format":"standard","meta":{"footnotes":""},"categories":[241,191],"tags":[],"class_list":{"0":"post-86800","1":"post","2":"type-post","3":"status-publish","4":"format-standard","5":"has-post-thumbnail","7":"category-aktualitet","8":"category-bota"},"_links":{"self":[{"href":"https:\/\/zjarr.tv\/en\/wp-json\/wp\/v2\/posts\/86800","targetHints":{"allow":["GET"]}}],"collection":[{"href":"https:\/\/zjarr.tv\/en\/wp-json\/wp\/v2\/posts"}],"about":[{"href":"https:\/\/zjarr.tv\/en\/wp-json\/wp\/v2\/types\/post"}],"author":[{"embeddable":true,"href":"https:\/\/zjarr.tv\/en\/wp-json\/wp\/v2\/users\/2013"}],"replies":[{"embeddable":true,"href":"https:\/\/zjarr.tv\/en\/wp-json\/wp\/v2\/comments?post=86800"}],"version-history":[{"count":0,"href":"https:\/\/zjarr.tv\/en\/wp-json\/wp\/v2\/posts\/86800\/revisions"}],"wp:featuredmedia":[{"embeddable":true,"href":"https:\/\/zjarr.tv\/en\/wp-json\/wp\/v2\/media\/86802"}],"wp:attachment":[{"href":"https:\/\/zjarr.tv\/en\/wp-json\/wp\/v2\/media?parent=86800"}],"wp:term":[{"taxonomy":"category","embeddable":true,"href":"https:\/\/zjarr.tv\/en\/wp-json\/wp\/v2\/categories?post=86800"},{"taxonomy":"post_tag","embeddable":true,"href":"https:\/\/zjarr.tv\/en\/wp-json\/wp\/v2\/tags?post=86800"}],"curies":[{"name":"wp","href":"https:\/\/api.w.org\/{rel}","templated":true}]}}