{"id":86803,"date":"2019-05-30T20:40:05","date_gmt":"2019-05-30T18:40:05","guid":{"rendered":"https:\/\/zjarr.tv\/?p=86803"},"modified":"2019-05-30T17:43:43","modified_gmt":"2019-05-30T15:43:43","slug":"shperthim-i-ri-nga-etna-flukse-llave-dhe-dridhje-vullkanike","status":"publish","type":"post","link":"https:\/\/zjarr.tv\/en\/shperthim-i-ri-nga-etna-flukse-llave-dhe-dridhje-vullkanike\/","title":{"rendered":"Shp\u00ebrthim i ri nga Etna: flukse llave dhe dridhje vullkanike"},"content":{"rendered":"<p>Shp\u00ebrthim i ri nga vullkani Etna: rrjeti i kamerave t\u00eb v\u00ebzhgimit t\u00eb Observatorit t\u00eb Gjeofizik\u00ebs dhe Vullkanologjis\u00eb regjistroi hapjen e nj\u00eb t\u00eb \u00e7are t\u00eb nxeht\u00eb\u00a0n\u00eb baz\u00ebn jugore t\u00eb kraterit t\u00eb ri n\u00eb\u00a0juglindje, prej nga rridhte llav\u00eb.\u00a0Dridhja vullkanike u zbulua\u00a0n\u00eb vlera t\u00eb mesme e t\u00eb larta.<\/p>\n<p>&#8220;Etna ka shp\u00ebrthyer p\u00ebrs\u00ebri: flukset e vogla t\u00eb lav\u00ebs dhe aktiviteti i cili buron nga dy \u00e7arje\u00a0n\u00eb baz\u00ebn jugjuglindore dhe n\u00eb an\u00ebn verilindore&#8221;, komentoi\u00a0vullkanologu Boris Behncke.<\/p>\n<p>&nbsp;<\/p>","protected":false},"excerpt":{"rendered":"<p>Shp\u00ebrthim i ri nga vullkani Etna: rrjeti i kamerave t\u00eb v\u00ebzhgimit t\u00eb Observatorit t\u00eb Gjeofizik\u00ebs dhe Vullkanologjis\u00eb regjistroi hapjen e nj\u00eb t\u00eb \u00e7are t\u00eb nxeht\u00eb\u00a0n\u00eb baz\u00ebn jugore t\u00eb kraterit t\u00eb ri n\u00eb\u00a0juglindje, prej nga rridhte llav\u00eb.\u00a0Dridhja vullkanike u zbulua\u00a0n\u00eb vlera t\u00eb mesme e t\u00eb larta. &#8220;Etna ka shp\u00ebrthyer p\u00ebrs\u00ebri: flukset e vogla t\u00eb lav\u00ebs dhe [&hellip;]<\/p>\n","protected":false},"author":2013,"featured_media":86804,"comment_status":"open","ping_status":"closed","sticky":false,"template":"","format":"standard","meta":{"footnotes":""},"categories":[241,191],"tags":[],"class_list":{"0":"post-86803","1":"post","2":"type-post","3":"status-publish","4":"format-standard","5":"has-post-thumbnail","7":"category-aktualitet","8":"category-bota"},"_links":{"self":[{"href":"https:\/\/zjarr.tv\/en\/wp-json\/wp\/v2\/posts\/86803","targetHints":{"allow":["GET"]}}],"collection":[{"href":"https:\/\/zjarr.tv\/en\/wp-json\/wp\/v2\/posts"}],"about":[{"href":"https:\/\/zjarr.tv\/en\/wp-json\/wp\/v2\/types\/post"}],"author":[{"embeddable":true,"href":"https:\/\/zjarr.tv\/en\/wp-json\/wp\/v2\/users\/2013"}],"replies":[{"embeddable":true,"href":"https:\/\/zjarr.tv\/en\/wp-json\/wp\/v2\/comments?post=86803"}],"version-history":[{"count":0,"href":"https:\/\/zjarr.tv\/en\/wp-json\/wp\/v2\/posts\/86803\/revisions"}],"wp:featuredmedia":[{"embeddable":true,"href":"https:\/\/zjarr.tv\/en\/wp-json\/wp\/v2\/media\/86804"}],"wp:attachment":[{"href":"https:\/\/zjarr.tv\/en\/wp-json\/wp\/v2\/media?parent=86803"}],"wp:term":[{"taxonomy":"category","embeddable":true,"href":"https:\/\/zjarr.tv\/en\/wp-json\/wp\/v2\/categories?post=86803"},{"taxonomy":"post_tag","embeddable":true,"href":"https:\/\/zjarr.tv\/en\/wp-json\/wp\/v2\/tags?post=86803"}],"curies":[{"name":"wp","href":"https:\/\/api.w.org\/{rel}","templated":true}]}}