{"id":86823,"date":"2019-05-30T17:56:28","date_gmt":"2019-05-30T15:56:28","guid":{"rendered":"https:\/\/zjarr.tv\/?p=86823"},"modified":"2019-05-30T17:56:28","modified_gmt":"2019-05-30T15:56:28","slug":"basha-nga-kurbini-largimi-i-rames-dhe-zgjedhje-te-lira-kjo-eshte-beteja-jone","status":"publish","type":"post","link":"https:\/\/zjarr.tv\/en\/basha-nga-kurbini-largimi-i-rames-dhe-zgjedhje-te-lira-kjo-eshte-beteja-jone\/","title":{"rendered":"Basha nga Kurbini: Largimi i Ram\u00ebs dhe zgjedhje t\u00eb lira, kjo \u00ebsht\u00eb beteja jon\u00eb"},"content":{"rendered":"<p>Gjat\u00eb fjal\u00ebs s\u00eb tij para qytetar\u00ebve kurbinas, kreu i PD, Lulzim Basha \u00ebsht\u00eb shprehur se nuk ka asnj\u00eb ndryshim pa largimin e kryeministrit Edi Rama dhe zhvillimit t\u00eb zgjedhjeve t\u00eb lira e t\u00eb ndershme.<\/p>\n<p>\u201cJemi i vetmi vend n\u00eb Europ\u00eb q\u00eb kapet kryeministri duke futur kriminel\u00ebt n\u00eb parlament e nuk largohet. Jemi i vetmi n\u00eb Europ\u00eb q\u00eb ministri kapet n\u00eb trafik droge e nuk largohet. Jemi i vetmi vend ku kryeministri del p\u00ebrkrah nj\u00eb p\u00ebrdhunuesi si Elvis Roshi e nuk largohet. I vetmi vend ku kapet duke vjedhur votat me Dakon e Gjiknurin e nuk largohet. Duhet t\u00eb ishte larguar qindra her\u00eb p\u00ebr t\u00eb zezat q\u00eb i ka b\u00ebr\u00eb vendit. E tani p\u00ebr karriken e tij refuzon ti hap\u00ebrrug\u00eb zgjidhjes politike e hapjen\u00a0 e negociatave. Ka vet\u00ebm nj\u00eb p\u00ebrgjegj\u00ebs q\u00eb sa her\u00eb ka patur mund\u00ebsi t\u00eb zgjedh\u00eb shqiptar\u00ebt apo oligark\u00ebt dhe kriminel\u00ebt ka zgjedhur t\u00eb jet\u00eb kund\u00ebr shqiptar\u00ebve. Asnj\u00eb ndryshim nuk do t\u00eb ket\u00eb n\u00eb ekonomi, asnj\u00eb vend pune nuk do hapet pa zgjidhur problemin e problemeve, pa e lidhur fatin e parlamentit dhe qeveritar\u00ebve t\u00eb ardhsh\u00ebm drejtp\u00ebrdrejt me vot\u00ebn e qytetar\u00ebve shqiptar\u00eb. Kjo \u00ebsht\u00eb beteja, zgjedhje t\u00eb lira e t\u00eb ndershme e largimi i Edi Ram\u00ebs\u201d, deklaroi Basha.<\/p>\n<p>&nbsp;<\/p>","protected":false},"excerpt":{"rendered":"<p>Gjat\u00eb fjal\u00ebs s\u00eb tij para qytetar\u00ebve kurbinas, kreu i PD, Lulzim Basha \u00ebsht\u00eb shprehur se nuk ka asnj\u00eb ndryshim pa largimin e kryeministrit Edi Rama dhe zhvillimit t\u00eb zgjedhjeve t\u00eb lira e t\u00eb ndershme. \u201cJemi i vetmi vend n\u00eb Europ\u00eb q\u00eb kapet kryeministri duke futur kriminel\u00ebt n\u00eb parlament e nuk largohet. Jemi i vetmi n\u00eb [&hellip;]<\/p>\n","protected":false},"author":2013,"featured_media":86824,"comment_status":"open","ping_status":"closed","sticky":false,"template":"","format":"standard","meta":{"footnotes":""},"categories":[241,235],"tags":[],"class_list":{"0":"post-86823","1":"post","2":"type-post","3":"status-publish","4":"format-standard","5":"has-post-thumbnail","7":"category-aktualitet","8":"category-vendi"},"_links":{"self":[{"href":"https:\/\/zjarr.tv\/en\/wp-json\/wp\/v2\/posts\/86823","targetHints":{"allow":["GET"]}}],"collection":[{"href":"https:\/\/zjarr.tv\/en\/wp-json\/wp\/v2\/posts"}],"about":[{"href":"https:\/\/zjarr.tv\/en\/wp-json\/wp\/v2\/types\/post"}],"author":[{"embeddable":true,"href":"https:\/\/zjarr.tv\/en\/wp-json\/wp\/v2\/users\/2013"}],"replies":[{"embeddable":true,"href":"https:\/\/zjarr.tv\/en\/wp-json\/wp\/v2\/comments?post=86823"}],"version-history":[{"count":0,"href":"https:\/\/zjarr.tv\/en\/wp-json\/wp\/v2\/posts\/86823\/revisions"}],"wp:featuredmedia":[{"embeddable":true,"href":"https:\/\/zjarr.tv\/en\/wp-json\/wp\/v2\/media\/86824"}],"wp:attachment":[{"href":"https:\/\/zjarr.tv\/en\/wp-json\/wp\/v2\/media?parent=86823"}],"wp:term":[{"taxonomy":"category","embeddable":true,"href":"https:\/\/zjarr.tv\/en\/wp-json\/wp\/v2\/categories?post=86823"},{"taxonomy":"post_tag","embeddable":true,"href":"https:\/\/zjarr.tv\/en\/wp-json\/wp\/v2\/tags?post=86823"}],"curies":[{"name":"wp","href":"https:\/\/api.w.org\/{rel}","templated":true}]}}