{"id":86936,"date":"2019-05-31T15:32:16","date_gmt":"2019-05-31T13:32:16","guid":{"rendered":"https:\/\/zjarr.tv\/?p=86936"},"modified":"2019-05-31T15:32:16","modified_gmt":"2019-05-31T13:32:16","slug":"nisin-problemet-e-para-te-kombetarja-per-rejen","status":"publish","type":"post","link":"https:\/\/zjarr.tv\/en\/nisin-problemet-e-para-te-kombetarja-per-rejen\/","title":{"rendered":"Nisin problemet e para te Komb\u00ebtarja p\u00ebr Rej\u00ebn"},"content":{"rendered":"<p>Komb\u00ebtarja A do t\u00eb p\u00ebsoj\u00eb disa ndryshime n\u00eb list\u00ebn p\u00ebr ndeshjen e programuar n\u00eb 8 qershor ndaj Island\u00ebs dhe ndaj Moldavis\u00eb n\u00eb 11 qershor.<\/p>\n<p>Ka qen\u00eb Egzon Binaku ai q\u00eb \u00ebsht\u00eb d\u00ebmtuar me ekipin e tij Norkoping n\u00eb lig\u00ebn suedeze.<\/p>\n<p>Nga ana tjet\u00ebr edhe vlonjati Ledian Mumushaj ka shfaqur probleme fizike gjat\u00eb grumbullimit dhe e ka t\u00eb pamundur rikuperimin.<\/p>\n<p>Nd\u00ebrkoh\u00eb, edhe Marash Kumbulla, p\u00ebr shkak t\u00eb angazhimeve t\u00eb tij me Veron\u00ebn, do t\u00eb bashkohet vet\u00ebm n\u00eb dat\u00ebn 3 qershor, por me Komb\u00ebtaren U-21 p\u00ebr transfert\u00ebn ndaj Turqis\u00eb.<\/p>\n<p>Reja k\u00ebshtu humbet 3 lojtar\u00eb p\u00ebr k\u00ebto sfida t\u00eb r\u00ebnd\u00ebsishme, t\u00eb cil\u00ebt nuk do t\u00eb z\u00ebvend\u00ebsohen.<\/p>\n<p>&nbsp;<\/p>","protected":false},"excerpt":{"rendered":"<p>Komb\u00ebtarja A do t\u00eb p\u00ebsoj\u00eb disa ndryshime n\u00eb list\u00ebn p\u00ebr ndeshjen e programuar n\u00eb 8 qershor ndaj Island\u00ebs dhe ndaj Moldavis\u00eb n\u00eb 11 qershor. Ka qen\u00eb Egzon Binaku ai q\u00eb \u00ebsht\u00eb d\u00ebmtuar me ekipin e tij Norkoping n\u00eb lig\u00ebn suedeze. Nga ana tjet\u00ebr edhe vlonjati Ledian Mumushaj ka shfaqur probleme fizike gjat\u00eb grumbullimit dhe e [&hellip;]<\/p>\n","protected":false},"author":2013,"featured_media":86004,"comment_status":"open","ping_status":"closed","sticky":false,"template":"","format":"standard","meta":{"footnotes":""},"categories":[241,192],"tags":[],"class_list":{"0":"post-86936","1":"post","2":"type-post","3":"status-publish","4":"format-standard","5":"has-post-thumbnail","7":"category-aktualitet","8":"category-sport"},"_links":{"self":[{"href":"https:\/\/zjarr.tv\/en\/wp-json\/wp\/v2\/posts\/86936","targetHints":{"allow":["GET"]}}],"collection":[{"href":"https:\/\/zjarr.tv\/en\/wp-json\/wp\/v2\/posts"}],"about":[{"href":"https:\/\/zjarr.tv\/en\/wp-json\/wp\/v2\/types\/post"}],"author":[{"embeddable":true,"href":"https:\/\/zjarr.tv\/en\/wp-json\/wp\/v2\/users\/2013"}],"replies":[{"embeddable":true,"href":"https:\/\/zjarr.tv\/en\/wp-json\/wp\/v2\/comments?post=86936"}],"version-history":[{"count":0,"href":"https:\/\/zjarr.tv\/en\/wp-json\/wp\/v2\/posts\/86936\/revisions"}],"wp:featuredmedia":[{"embeddable":true,"href":"https:\/\/zjarr.tv\/en\/wp-json\/wp\/v2\/media\/86004"}],"wp:attachment":[{"href":"https:\/\/zjarr.tv\/en\/wp-json\/wp\/v2\/media?parent=86936"}],"wp:term":[{"taxonomy":"category","embeddable":true,"href":"https:\/\/zjarr.tv\/en\/wp-json\/wp\/v2\/categories?post=86936"},{"taxonomy":"post_tag","embeddable":true,"href":"https:\/\/zjarr.tv\/en\/wp-json\/wp\/v2\/tags?post=86936"}],"curies":[{"name":"wp","href":"https:\/\/api.w.org\/{rel}","templated":true}]}}