{"id":87098,"date":"2019-06-01T13:16:02","date_gmt":"2019-06-01T11:16:02","guid":{"rendered":"https:\/\/zjarr.tv\/?p=87098"},"modified":"2019-06-01T13:16:02","modified_gmt":"2019-06-01T11:16:02","slug":"letra-e-shtate-rama-demokrateve-basha-ju-braktisi-se-ka-frike-nga-zgjedhjet-dhe-drejtesia","status":"publish","type":"post","link":"https:\/\/zjarr.tv\/en\/letra-e-shtate-rama-demokrateve-basha-ju-braktisi-se-ka-frike-nga-zgjedhjet-dhe-drejtesia\/","title":{"rendered":"Letra e shtat\u00eb\/ Rama-demokrat\u00ebve: Basha ju braktisi se ka frik\u00eb nga zgjedhjet dhe drejt\u00ebsia"},"content":{"rendered":"<p>&#8220;Nuk ka 6, pa 7&#8221;, tha kryeministri Edi Rama pak dit\u00eb m\u00eb par\u00eb dhe letra e shtat\u00eb nuk vonoi. Ndryshe nga her\u00ebt e tjera, kjo let\u00ebr nuk i \u00ebsht\u00eb d\u00ebrguar kreut t\u00eb PD, Lulzim Basha, por qytetar\u00ebve demokrat.<\/p>\n<p>N\u00eb dit\u00ebn kur PS \u00e7el zyrtarisht fushat\u00ebn elektorale, Rama ka zgjedhur t&#8217;u drejtohet demokrat\u00ebve, sipas s\u00eb cilit jan\u00eb braktisur nga PD dhe lidershipi i saj. Sipas shefit t\u00eb qeveris\u00eb, ky bojkot i zgjedhjeve i opozit\u00ebs ka ardhur sepse Basha i trembet nj\u00eb disfate elektorale t\u00eb radh\u00ebs dhe drejt\u00ebsis\u00eb.<\/p>\n<p>Nuk do t\u00eb &#8220;ik&#8221;, nuk do t\u00eb ket\u00eb shtyrje zgjedhjesh, paralajm\u00ebron se kushdo q\u00eb pengon zhvillimin e tyre do t\u00eb marr\u00eb d\u00ebnime t\u00eb r\u00ebnda si\u00e7 parashikon Kodi Penal dhe n\u00eb fund nj\u00eb premtim p\u00ebr demokrat\u00ebt dhe qytetar\u00ebt q\u00eb jetojn\u00eb n\u00eb bashkit\u00eb q\u00eb drejtohen nga PD.<\/p>\n<p>Duke ua b\u00ebr\u00eb t\u00eb qart\u00eb, se n\u00ebp\u00ebrmjet k\u00ebsaj letre nuk po k\u00ebrkon vot\u00ebn e demokrat\u00ebve, ai shprehet se do t\u00eb jap\u00eb m\u00eb t\u00eb mir\u00eb p\u00ebr &#8220;bashkit\u00eb e Kuk\u00ebsit, Shkodr\u00ebs, Kamz\u00ebs, Lezh\u00ebs, Devollit, Mallakastr\u00ebs e me radh\u00eb bashkive blu, qeverisjen e munguar deri m\u00eb sot&#8221;.<\/p>\n<p>Ky \u00ebsht\u00eb thelbi i letr\u00ebs s\u00eb shtat\u00eb t\u00eb kryeministrit Edi Rama. Kryeministri argumenton edhe pse zgjedhjet pa opozit\u00ebn jan\u00eb brenda standardeve. Shprehet absolutisht kund\u00ebr shtyrjes s\u00eb zgjedhjes, duke argumentuar se nuk pranon q\u00eb t\u00eb l\u00ebviz\u00eb 30 qershori, vet\u00ebm sepse opozita nuk pranon t\u00eb hyj\u00eb n\u00eb zgjedhje.<\/p>\n<p>Ai thekson se p\u00ebr t\u00eb do ishte m\u00eb e leht\u00eb q\u00eb t\u00eb merrej me pun\u00ebt e qeveris\u00eb, dhe jo t\u00eb l\u00ebvizte nga qyteti n\u00eb qytet p\u00ebr fushat\u00eb, por sipas tij \u00ebsht\u00eb Kushtetuta q\u00eb i v\u00eb fre k\u00ebsaj &#8220;d\u00ebshire&#8221;.<\/p>","protected":false},"excerpt":{"rendered":"<p>&#8220;Nuk ka 6, pa 7&#8221;, tha kryeministri Edi Rama pak dit\u00eb m\u00eb par\u00eb dhe letra e shtat\u00eb nuk vonoi. Ndryshe nga her\u00ebt e tjera, kjo let\u00ebr nuk i \u00ebsht\u00eb d\u00ebrguar kreut t\u00eb PD, Lulzim Basha, por qytetar\u00ebve demokrat. N\u00eb dit\u00ebn kur PS \u00e7el zyrtarisht fushat\u00ebn elektorale, Rama ka zgjedhur t&#8217;u drejtohet demokrat\u00ebve, sipas s\u00eb cilit [&hellip;]<\/p>\n","protected":false},"author":4,"featured_media":83847,"comment_status":"open","ping_status":"closed","sticky":false,"template":"","format":"standard","meta":{"footnotes":""},"categories":[241,231,235],"tags":[],"class_list":{"0":"post-87098","1":"post","2":"type-post","3":"status-publish","4":"format-standard","5":"has-post-thumbnail","7":"category-aktualitet","8":"category-lajme","9":"category-vendi"},"_links":{"self":[{"href":"https:\/\/zjarr.tv\/en\/wp-json\/wp\/v2\/posts\/87098","targetHints":{"allow":["GET"]}}],"collection":[{"href":"https:\/\/zjarr.tv\/en\/wp-json\/wp\/v2\/posts"}],"about":[{"href":"https:\/\/zjarr.tv\/en\/wp-json\/wp\/v2\/types\/post"}],"author":[{"embeddable":true,"href":"https:\/\/zjarr.tv\/en\/wp-json\/wp\/v2\/users\/4"}],"replies":[{"embeddable":true,"href":"https:\/\/zjarr.tv\/en\/wp-json\/wp\/v2\/comments?post=87098"}],"version-history":[{"count":0,"href":"https:\/\/zjarr.tv\/en\/wp-json\/wp\/v2\/posts\/87098\/revisions"}],"wp:featuredmedia":[{"embeddable":true,"href":"https:\/\/zjarr.tv\/en\/wp-json\/wp\/v2\/media\/83847"}],"wp:attachment":[{"href":"https:\/\/zjarr.tv\/en\/wp-json\/wp\/v2\/media?parent=87098"}],"wp:term":[{"taxonomy":"category","embeddable":true,"href":"https:\/\/zjarr.tv\/en\/wp-json\/wp\/v2\/categories?post=87098"},{"taxonomy":"post_tag","embeddable":true,"href":"https:\/\/zjarr.tv\/en\/wp-json\/wp\/v2\/tags?post=87098"}],"curies":[{"name":"wp","href":"https:\/\/api.w.org\/{rel}","templated":true}]}}